{"id":247818,"date":"2026-03-05T09:58:35","date_gmt":"2026-03-05T16:58:35","guid":{"rendered":"https:\/\/rnoticias.com.mx\/Portal\/?p=247818"},"modified":"2026-03-05T10:01:34","modified_gmt":"2026-03-05T17:01:34","slug":"firman-tec-de-monterrey-y-barra-sonorense-de-abogados-convenio-de-colaboracion-estrategica","status":"publish","type":"post","link":"https:\/\/rnoticias.com.mx\/Portal\/2026\/03\/05\/firman-tec-de-monterrey-y-barra-sonorense-de-abogados-convenio-de-colaboracion-estrategica\/","title":{"rendered":"Firman Tec de Monterrey y Barra Sonorense de Abogados convenio de colaboraci\u00f3n estrat\u00e9gica"},"content":{"rendered":"<div><span style=\"font-family: Aptos; font-size: small;\"><b>Hermosillo, Sonora a 05 de marzo 2026.-<\/b>\u00a0A fin de formar profesionales con un enfoque pr\u00e1ctico y \u00e9tico, el Tecnol\u00f3gico de Monterrey campus Sonora Norte y la Barra Sonorense de Abogados firmaron un convenio de colaboraci\u00f3n con el que trabajar\u00e1n en conjunto para preparar juristas que transformen la sociedad desde el \u00e1mbito legal, combinando bases te\u00f3ricas, tecnolog\u00eda, pensamiento cr\u00edtico y pr\u00e1ctica jur\u00eddica.<\/span><\/div>\n<div><\/div>\n<div><span style=\"font-family: Aptos; font-size: small;\">La firma de convenio fue encabezada por Luc\u00eda Canseco, directora general del campus Sonora Norte del Tecnol\u00f3gico de Monterrey;<span style=\"font-size: medium;\">\u00a0<\/span>Jos\u00e9 Manuel \u00c1vila, presidente de la Barra Sonorense de Abogados; Naayeli Ram\u00edrez, decana regi\u00f3n noroeste de la Escuela de Ciencias Sociales y Gobierno del Tecnol\u00f3gico de Monterrey y Ang\u00e9lica L\u00f3pez, directora de la Escuela de Ciencias Sociales y Gobierno del campus.<\/span><\/div>\n<div><\/div>\n<div><span style=\"font-family: Aptos; font-size: small;\">Durante la firma, se destac\u00f3 la importancia de que las comunidades jur\u00eddicas se enfoquen en la \u00e9tica, negociaci\u00f3n y mediaci\u00f3n de conflictos, especialmente en el contexto del noroeste y su frontera. La formaci\u00f3n te\u00f3rica debe complementarse con la pr\u00e1ctica, permitiendo a los estudiantes discutir la aplicaci\u00f3n del derecho y los valores implicados.<\/span><\/div>\n<div><\/div>\n<div><span style=\"font-family: Aptos; font-size: small;\">Canseco se\u00f1al\u00f3 que \u201cuna parte muy importante para nosotros de firmar este convenio es precisamente la necesidad de tener aliados estrat\u00e9gicos muy cercanos a la formaci\u00f3n de nuestros estudiantes<span style=\"font-family: Malgun Gothic;\">,<\/span>\u00a0y que podamos contar con su experiencia, pero tambi\u00e9n con las oportunidades de acercar esa realidad a la comunidad estudiantil\u201d.<\/span><\/div>\n<div><\/div>\n<div><span style=\"font-family: Aptos; font-size: small;\">\u201cEste convenio significa colaboraci\u00f3n, trabajo acad\u00e9mico, trabajo desde las cl\u00ednicas y proyectos muy interesantes que podemos hacer con la Barra Sonorense de Abogados, sobre todo en lo nuevo que viene para la carrera de Derecho aqu\u00ed en campus Sonora Norte\u201d, agreg\u00f3 L\u00f3pez.<\/span><\/div>\n<div><\/div>\n<div><span style=\"font-family: Aptos; font-size: small;\">\u00c1vila, por su parte, destac\u00f3 el valor de la experiencia y el acompa\u00f1amiento que los abogados de la Barra pueden ofrecer a los estudiantes para formarlos en el entendimiento y la interpretaci\u00f3n de la Ley.<\/span><\/div>\n<div><\/div>\n<div><span style=\"font-family: Aptos; font-size: small;\">Con la apertura de la Licenciatura en Derecho, el campus Sonora Norte refuerza su visi\u00f3n de ofrecer programas de vanguardia que responden a los desaf\u00edos de un mundo en constante evoluci\u00f3n. En Sonora, esto significa formar l\u00edderes capaces de transformar la justicia, la capacidad de sociedad civil y el sector privado, as\u00ed como la vida p\u00fablica con visi\u00f3n global y compromiso local, combinando excelencia acad\u00e9mica, innovaci\u00f3n, servicio y vinculaci\u00f3n con la comunidad.<\/span><\/div>\n","protected":false},"excerpt":{"rendered":"<p>Hermosillo, Sonora a 05 de marzo 2026.-\u00a0A fin de formar profesionales con un enfoque pr\u00e1ctico y \u00e9tico, el Tecnol\u00f3gico de Monterrey campus Sonora Norte y la Barra Sonorense de Abogados firmaron un convenio de colaboraci\u00f3n con el que trabajar\u00e1n en conjunto para preparar juristas que transformen la sociedad desde el \u00e1mbito legal, combinando bases te\u00f3ricas, [&hellip;]<\/p>\n","protected":false},"author":2,"featured_media":247819,"comment_status":"closed","ping_status":"closed","sticky":false,"template":"","format":"standard","meta":{"footnotes":""},"categories":[12870,178],"tags":[12865,12869],"class_list":["post-247818","post","type-post","status-publish","format-standard","has-post-thumbnail","hentry","category-destacadas","category-local","tag-destacadas","tag-local"],"jetpack_featured_media_url":"https:\/\/rnoticias.com.mx\/Portal\/wp-content\/uploads\/2026\/03\/IMG_4045.jpeg","amp_enabled":true,"_links":{"self":[{"href":"https:\/\/rnoticias.com.mx\/Portal\/wp-json\/wp\/v2\/posts\/247818","targetHints":{"allow":["GET"]}}],"collection":[{"href":"https:\/\/rnoticias.com.mx\/Portal\/wp-json\/wp\/v2\/posts"}],"about":[{"href":"https:\/\/rnoticias.com.mx\/Portal\/wp-json\/wp\/v2\/types\/post"}],"author":[{"embeddable":true,"href":"https:\/\/rnoticias.com.mx\/Portal\/wp-json\/wp\/v2\/users\/2"}],"replies":[{"embeddable":true,"href":"https:\/\/rnoticias.com.mx\/Portal\/wp-json\/wp\/v2\/comments?post=247818"}],"version-history":[{"count":1,"href":"https:\/\/rnoticias.com.mx\/Portal\/wp-json\/wp\/v2\/posts\/247818\/revisions"}],"predecessor-version":[{"id":247820,"href":"https:\/\/rnoticias.com.mx\/Portal\/wp-json\/wp\/v2\/posts\/247818\/revisions\/247820"}],"wp:featuredmedia":[{"embeddable":true,"href":"https:\/\/rnoticias.com.mx\/Portal\/wp-json\/wp\/v2\/media\/247819"}],"wp:attachment":[{"href":"https:\/\/rnoticias.com.mx\/Portal\/wp-json\/wp\/v2\/media?parent=247818"}],"wp:term":[{"taxonomy":"category","embeddable":true,"href":"https:\/\/rnoticias.com.mx\/Portal\/wp-json\/wp\/v2\/categories?post=247818"},{"taxonomy":"post_tag","embeddable":true,"href":"https:\/\/rnoticias.com.mx\/Portal\/wp-json\/wp\/v2\/tags?post=247818"}],"curies":[{"name":"wp","href":"https:\/\/api.w.org\/{rel}","templated":true}]}}