{"id":247783,"date":"2026-03-04T21:21:31","date_gmt":"2026-03-05T04:21:31","guid":{"rendered":"https:\/\/rnoticias.com.mx\/Portal\/?p=247783"},"modified":"2026-03-04T21:21:31","modified_gmt":"2026-03-05T04:21:31","slug":"cnte-convoca-a-un-paro-nacional-de-72-horas-en-demanda-de-revision-de-leyes-educativas","status":"publish","type":"post","link":"https:\/\/rnoticias.com.mx\/Portal\/2026\/03\/04\/cnte-convoca-a-un-paro-nacional-de-72-horas-en-demanda-de-revision-de-leyes-educativas\/","title":{"rendered":"CNTE convoca a un paro nacional de 72 horas en demanda de revisi\u00f3n de leyes educativas"},"content":{"rendered":"<p>La\u00a0Coordinadora Nacional de los Trabajadores de la Educaci\u00f3n\u00a0(CNTE) anunci\u00f3 la\u00a0<strong>realizaci\u00f3n de un\u00a0paro nacional de 72 horas los d\u00edas 18, 19 y 20 de marzo, como parte de su plan de acci\u00f3n para exigir la abrogaci\u00f3n de la reforma educativa y la Ley del ISSSTE de 2007.<\/strong><\/p>\n<p>La decisi\u00f3n fue tomada durante la Asamblea Nacional Representativa (ANR)\u00a0<strong>realizada el pasado 1 domingo en la sede nacional de la CNTE, donde participaron contingentes provenientes de distintos estados del pa\u00eds.<\/strong><\/p>\n<p>La CNTE ha se\u00f1alado que sus exigencias est\u00e1n centradas en:<\/p>\n<ul>\n<li>La revisi\u00f3n de evaluaciones docentes que consideran punitivas.<\/li>\n<li>El rechazo a pol\u00edticas educativas centralizadas que, seg\u00fan ellos, afectan a escuelas y maestros.<\/li>\n<li>El respeto a derechos laborales y condiciones de trabajo para docentes en todo el pa\u00eds.<\/li>\n<\/ul>\n<p>Estos reclamos se han manifestado de manera creciente en distintas regiones, sobre todo donde la CNTE tiene mayor presencia, como en estados del sur.\u00a0\u00a0<strong>El paro nacional anunciado tendr\u00e1 tres d\u00edas de suspensi\u00f3n de clases y actividades educativas en m\u00faltiples estados.<\/strong><\/p>\n<p>Adem\u00e1s, el movimiento culminar\u00e1 con una marcha hacia el Z\u00f3calo de la Ciudad de M\u00e9xico,\u00a0<strong>donde se realizar\u00e1 un acto pol\u00edtico y se presentar\u00e1n las demandas de manera p\u00fablica.<\/strong><\/p>\n<p>Los l\u00edderes magisteriales han invitado a docentes y simpatizantes a participar sin confrontaciones ni violencia, aunque advierten que no descartar\u00e1n medidas adicionales si no hay avances en sus peticiones.<\/p>\n<p>Hasta el momento,\u00a0<strong>las autoridades federales han se\u00f1alado que mantienen una postura de apertura al di\u00e1logo, pero han recalcado que no se tolerar\u00e1 la interrupci\u00f3n prolongada de clases sin acuerdos concretos.<\/strong><\/p>\n","protected":false},"excerpt":{"rendered":"<p>La\u00a0Coordinadora Nacional de los Trabajadores de la Educaci\u00f3n\u00a0(CNTE) anunci\u00f3 la\u00a0realizaci\u00f3n de un\u00a0paro nacional de 72 horas los d\u00edas 18, 19 y 20 de marzo, como parte de su plan de acci\u00f3n para exigir la abrogaci\u00f3n de la reforma educativa y la Ley del ISSSTE de 2007. La decisi\u00f3n fue tomada durante la Asamblea Nacional Representativa [&hellip;]<\/p>\n","protected":false},"author":2,"featured_media":247784,"comment_status":"closed","ping_status":"closed","sticky":false,"template":"","format":"standard","meta":{"footnotes":""},"categories":[12870,172],"tags":[12865,12874],"class_list":["post-247783","post","type-post","status-publish","format-standard","has-post-thumbnail","hentry","category-destacadas","category-nacional","tag-destacadas","tag-nacional"],"jetpack_featured_media_url":"https:\/\/rnoticias.com.mx\/Portal\/wp-content\/uploads\/2026\/03\/498fcda46c559127dbc84f035de4450c.webp","amp_enabled":true,"_links":{"self":[{"href":"https:\/\/rnoticias.com.mx\/Portal\/wp-json\/wp\/v2\/posts\/247783","targetHints":{"allow":["GET"]}}],"collection":[{"href":"https:\/\/rnoticias.com.mx\/Portal\/wp-json\/wp\/v2\/posts"}],"about":[{"href":"https:\/\/rnoticias.com.mx\/Portal\/wp-json\/wp\/v2\/types\/post"}],"author":[{"embeddable":true,"href":"https:\/\/rnoticias.com.mx\/Portal\/wp-json\/wp\/v2\/users\/2"}],"replies":[{"embeddable":true,"href":"https:\/\/rnoticias.com.mx\/Portal\/wp-json\/wp\/v2\/comments?post=247783"}],"version-history":[{"count":1,"href":"https:\/\/rnoticias.com.mx\/Portal\/wp-json\/wp\/v2\/posts\/247783\/revisions"}],"predecessor-version":[{"id":247785,"href":"https:\/\/rnoticias.com.mx\/Portal\/wp-json\/wp\/v2\/posts\/247783\/revisions\/247785"}],"wp:featuredmedia":[{"embeddable":true,"href":"https:\/\/rnoticias.com.mx\/Portal\/wp-json\/wp\/v2\/media\/247784"}],"wp:attachment":[{"href":"https:\/\/rnoticias.com.mx\/Portal\/wp-json\/wp\/v2\/media?parent=247783"}],"wp:term":[{"taxonomy":"category","embeddable":true,"href":"https:\/\/rnoticias.com.mx\/Portal\/wp-json\/wp\/v2\/categories?post=247783"},{"taxonomy":"post_tag","embeddable":true,"href":"https:\/\/rnoticias.com.mx\/Portal\/wp-json\/wp\/v2\/tags?post=247783"}],"curies":[{"name":"wp","href":"https:\/\/api.w.org\/{rel}","templated":true}]}}