{"id":247780,"date":"2026-03-04T21:20:17","date_gmt":"2026-03-05T04:20:17","guid":{"rendered":"https:\/\/rnoticias.com.mx\/Portal\/?p=247780"},"modified":"2026-03-04T21:20:17","modified_gmt":"2026-03-05T04:20:17","slug":"claudia-sheinbaum-se-reune-con-integrantes-del-consejo-nacional-de-inversiones","status":"publish","type":"post","link":"https:\/\/rnoticias.com.mx\/Portal\/2026\/03\/04\/claudia-sheinbaum-se-reune-con-integrantes-del-consejo-nacional-de-inversiones\/","title":{"rendered":"Claudia Sheinbaum se re\u00fane con integrantes del Consejo Nacional de Inversiones"},"content":{"rendered":"<p>La presidenta de M\u00e9xico, Claudia Sheinbaum Pardo, se reuni\u00f3 con el\u00a0Consejo Nacional de Inversiones\u00a0para dar seguimiento al Plan M\u00e9xico.<\/p>\n<p>A trav\u00e9s de sus redes sociales compartio\u00a0una imagen en la que se encuentra en Palacio Nacional acompa\u00f1ada por representantes de la iniciativa privada como el expresidente del Consejo Coordinador Empresarial, Francisco Cervantes y el empresario Carlos Slim Hel\u00fa.<\/p>\n<p><strong>Cabe recordar que dicho consejo fue creado junto con empresarias y empresarios mexicanos a inicios de diciembre del 2025 con\u00a0 objetivo de promover inversiones y ser un espacio de di\u00e1logo entre el sector privado y autoridades federales.<\/strong><\/p>\n<p>Tras su conformaci\u00f3n, el consejo acord\u00f3 realizar reuniones peri\u00f3dicas para evaluar, promover y supervisar las inversiones en infraestructura, energ\u00eda, servicios y diversos sectores estrat\u00e9gicos.<\/p>\n<p>Por parte del gabinete de Sheinbaum,\u00a0<strong>en la reuni\u00f3n participaron la titular de la Secretar\u00eda de Gobernaci\u00f3n, Rosa Icela Rodr\u00edguez, la secretaria de Energ\u00eda, Luz Elena Gonz\u00e1lez Escobar, el secretario del Trabajo y Previsi\u00f3n Social Marath Bola\u00f1os y el titular de la Secretar\u00eda de Hacienda y Cr\u00e9dito P\u00fablico, \u00c9dgar Amador Zamora.<\/strong><\/p>\n<p>Adem\u00e1s estuvo presente Altagracia G\u00f3mez, coordinadora del Consejo Asesor de Desarrollo Econ\u00f3mico y Regional y Relocalizaci\u00f3n.<\/p>\n<p>El objetivo del\u00a0Plan M\u00e9xico\u00a0es consolidar un modelo de desarrollo con soberan\u00eda alimentaria y energ\u00e9tica, impulsar la producci\u00f3n nacional y reforzar las capacidades tecnol\u00f3gicas y cient\u00edficas del pa\u00eds.<\/p>\n<p><strong>Con esta estrategia que el gobierno federal ha estimado que podr\u00eda incrementar en 15 puntos porcentuales del PIB la inversi\u00f3n de aqu\u00ed al a\u00f1o 2030.<\/strong><\/p>\n","protected":false},"excerpt":{"rendered":"<p>La presidenta de M\u00e9xico, Claudia Sheinbaum Pardo, se reuni\u00f3 con el\u00a0Consejo Nacional de Inversiones\u00a0para dar seguimiento al Plan M\u00e9xico. A trav\u00e9s de sus redes sociales compartio\u00a0una imagen en la que se encuentra en Palacio Nacional acompa\u00f1ada por representantes de la iniciativa privada como el expresidente del Consejo Coordinador Empresarial, Francisco Cervantes y el empresario Carlos [&hellip;]<\/p>\n","protected":false},"author":2,"featured_media":247781,"comment_status":"closed","ping_status":"closed","sticky":false,"template":"","format":"standard","meta":{"footnotes":""},"categories":[12870,172],"tags":[12865,12874],"class_list":["post-247780","post","type-post","status-publish","format-standard","has-post-thumbnail","hentry","category-destacadas","category-nacional","tag-destacadas","tag-nacional"],"jetpack_featured_media_url":"https:\/\/rnoticias.com.mx\/Portal\/wp-content\/uploads\/2026\/03\/69a8e8e9c7093.webp","amp_enabled":true,"_links":{"self":[{"href":"https:\/\/rnoticias.com.mx\/Portal\/wp-json\/wp\/v2\/posts\/247780","targetHints":{"allow":["GET"]}}],"collection":[{"href":"https:\/\/rnoticias.com.mx\/Portal\/wp-json\/wp\/v2\/posts"}],"about":[{"href":"https:\/\/rnoticias.com.mx\/Portal\/wp-json\/wp\/v2\/types\/post"}],"author":[{"embeddable":true,"href":"https:\/\/rnoticias.com.mx\/Portal\/wp-json\/wp\/v2\/users\/2"}],"replies":[{"embeddable":true,"href":"https:\/\/rnoticias.com.mx\/Portal\/wp-json\/wp\/v2\/comments?post=247780"}],"version-history":[{"count":1,"href":"https:\/\/rnoticias.com.mx\/Portal\/wp-json\/wp\/v2\/posts\/247780\/revisions"}],"predecessor-version":[{"id":247782,"href":"https:\/\/rnoticias.com.mx\/Portal\/wp-json\/wp\/v2\/posts\/247780\/revisions\/247782"}],"wp:featuredmedia":[{"embeddable":true,"href":"https:\/\/rnoticias.com.mx\/Portal\/wp-json\/wp\/v2\/media\/247781"}],"wp:attachment":[{"href":"https:\/\/rnoticias.com.mx\/Portal\/wp-json\/wp\/v2\/media?parent=247780"}],"wp:term":[{"taxonomy":"category","embeddable":true,"href":"https:\/\/rnoticias.com.mx\/Portal\/wp-json\/wp\/v2\/categories?post=247780"},{"taxonomy":"post_tag","embeddable":true,"href":"https:\/\/rnoticias.com.mx\/Portal\/wp-json\/wp\/v2\/tags?post=247780"}],"curies":[{"name":"wp","href":"https:\/\/api.w.org\/{rel}","templated":true}]}}