{"id":247761,"date":"2026-03-04T20:53:14","date_gmt":"2026-03-05T03:53:14","guid":{"rendered":"https:\/\/rnoticias.com.mx\/Portal\/?p=247761"},"modified":"2026-03-04T20:53:14","modified_gmt":"2026-03-05T03:53:14","slug":"gobierno-de-sonora-estrenara-zarzuela-cubana-isc","status":"publish","type":"post","link":"https:\/\/rnoticias.com.mx\/Portal\/2026\/03\/04\/gobierno-de-sonora-estrenara-zarzuela-cubana-isc\/","title":{"rendered":"Gobierno de Sonora estrenar\u00e1 zarzuela cubana: ISC"},"content":{"rendered":"<p>Hermosillo, Sonora; 4 de marzo de 2026.- El Gobierno de Sonora, a trav\u00e9s de la Secretar\u00eda de Educaci\u00f3n y Cultura (SEC) y el Instituto Sonorense de Cultura (ISC), invita al estreno de la emblem\u00e1tica zarzuela cubana Cecilia Vald\u00e9s, protagonizada por la soprano sonorense Mar\u00eda Li. Una producci\u00f3n que re\u00fane a m\u00e1s de 80 artistas en escena y producci\u00f3n, consolidando un esfuerzo institucional por impulsar espect\u00e1culos de gran formato que enaltecen la vida cultural del estado.<\/p>\n<p>En el escenario participar\u00e1n, completamente en vivo, la Orquesta Filarm\u00f3nica de Sonora (OFS), bajo la direcci\u00f3n del maestro Eduardo Alarc\u00f3n; el Coro Jes\u00fas Li Cecilio y Coral Ferrals; y el Colectivo Drag Sonora Espejismo Fragmentado. La zarzuela, g\u00e9nero esc\u00e9nico que integra m\u00fasica, canto, di\u00e1logos hablados y danzas tradicionales, entrelaza tradici\u00f3n y dramaturgia con una profunda carga emocional que conecta de manera directa con el p\u00fablico.<\/p>\n<p>A 94 a\u00f1os de su estreno mundial, en 1932, esta obra reafirma la vigencia de una expresi\u00f3n art\u00edstica que hoy renace con fuerza y sensibilidad contempor\u00e1nea.<\/p>\n<p>Se ofrecer\u00e1n tres funciones: los d\u00edas 5 y 6 de marzo a las 19:00 horas, y el 8 de marzo a las 12:00 horas, en el Teatro de la Ciudad de la Casa de la Cultura de Sonora. Ser\u00e1 una experiencia art\u00edstica irrepetible que conjuga m\u00fasica sinf\u00f3nica, potencia coral y una propuesta esc\u00e9nica vibrante, concebida para cautivar y dejar huella en el p\u00fablico sonorense.<\/p>\n<p>Los boletos ya est\u00e1n disponibles y pueden adquirirse de lunes a viernes, de 8:00 a 14:00 horas, en las oficinas de la Orquesta Filarm\u00f3nica de Sonora, y de 15:00 a 19:00 horas, en el m\u00f3dulo de informaci\u00f3n de la Casa de la Cultura de Sonora. Asistir a Cecilia Vald\u00e9s es ser parte de un acontecimiento que marcar\u00e1 la agenda cultural de Sonora.<\/p>\n<p>Consulta la agenda de actividades culturales de la entidad en\u00a0<a href=\"http:\/\/cultura.sonora.gob.mx\/\" target=\"_blank\" rel=\"noopener\" data-saferedirecturl=\"https:\/\/www.google.com\/url?q=http:\/\/cultura.sonora.gob.mx&amp;source=gmail&amp;ust=1772769014998000&amp;usg=AOvVaw1mLKylzOAH_eMBNmSgGskw\">cultura.sonora.gob.mx<\/a>\u00a0y en redes sociales a trav\u00e9s de @iscsonora.<\/p>\n","protected":false},"excerpt":{"rendered":"<p>Hermosillo, Sonora; 4 de marzo de 2026.- El Gobierno de Sonora, a trav\u00e9s de la Secretar\u00eda de Educaci\u00f3n y Cultura (SEC) y el Instituto Sonorense de Cultura (ISC), invita al estreno de la emblem\u00e1tica zarzuela cubana Cecilia Vald\u00e9s, protagonizada por la soprano sonorense Mar\u00eda Li. Una producci\u00f3n que re\u00fane a m\u00e1s de 80 artistas en [&hellip;]<\/p>\n","protected":false},"author":2,"featured_media":247762,"comment_status":"closed","ping_status":"closed","sticky":false,"template":"","format":"standard","meta":{"footnotes":""},"categories":[178],"tags":[12869],"class_list":["post-247761","post","type-post","status-publish","format-standard","has-post-thumbnail","hentry","category-local","tag-local"],"jetpack_featured_media_url":"https:\/\/rnoticias.com.mx\/Portal\/wp-content\/uploads\/2026\/03\/qw.jpg","amp_enabled":true,"_links":{"self":[{"href":"https:\/\/rnoticias.com.mx\/Portal\/wp-json\/wp\/v2\/posts\/247761","targetHints":{"allow":["GET"]}}],"collection":[{"href":"https:\/\/rnoticias.com.mx\/Portal\/wp-json\/wp\/v2\/posts"}],"about":[{"href":"https:\/\/rnoticias.com.mx\/Portal\/wp-json\/wp\/v2\/types\/post"}],"author":[{"embeddable":true,"href":"https:\/\/rnoticias.com.mx\/Portal\/wp-json\/wp\/v2\/users\/2"}],"replies":[{"embeddable":true,"href":"https:\/\/rnoticias.com.mx\/Portal\/wp-json\/wp\/v2\/comments?post=247761"}],"version-history":[{"count":1,"href":"https:\/\/rnoticias.com.mx\/Portal\/wp-json\/wp\/v2\/posts\/247761\/revisions"}],"predecessor-version":[{"id":247763,"href":"https:\/\/rnoticias.com.mx\/Portal\/wp-json\/wp\/v2\/posts\/247761\/revisions\/247763"}],"wp:featuredmedia":[{"embeddable":true,"href":"https:\/\/rnoticias.com.mx\/Portal\/wp-json\/wp\/v2\/media\/247762"}],"wp:attachment":[{"href":"https:\/\/rnoticias.com.mx\/Portal\/wp-json\/wp\/v2\/media?parent=247761"}],"wp:term":[{"taxonomy":"category","embeddable":true,"href":"https:\/\/rnoticias.com.mx\/Portal\/wp-json\/wp\/v2\/categories?post=247761"},{"taxonomy":"post_tag","embeddable":true,"href":"https:\/\/rnoticias.com.mx\/Portal\/wp-json\/wp\/v2\/tags?post=247761"}],"curies":[{"name":"wp","href":"https:\/\/api.w.org\/{rel}","templated":true}]}}