{"id":247755,"date":"2026-03-04T20:42:18","date_gmt":"2026-03-05T03:42:18","guid":{"rendered":"https:\/\/rnoticias.com.mx\/Portal\/?p=247755"},"modified":"2026-03-04T20:42:18","modified_gmt":"2026-03-05T03:42:18","slug":"ine-determina-improcedente-medida-cautelar-contra-promocional-de-morena","status":"publish","type":"post","link":"https:\/\/rnoticias.com.mx\/Portal\/2026\/03\/04\/ine-determina-improcedente-medida-cautelar-contra-promocional-de-morena\/","title":{"rendered":"INE determina improcedente medida cautelar contra promocional de Morena"},"content":{"rendered":"<p class=\"x_MsoNormal\"><span data-olk-copy-source=\"MessageBody\">La Comisi\u00f3n de Quejas y Denuncias del Instituto Nacional Electoral (INE) resolvi\u00f3 una solicitud de medida cautelar presentada por una persona con proyecci\u00f3n p\u00fablica en contra del partido pol\u00edtico Morena, con motivo de la transmisi\u00f3n del promocional de televisi\u00f3n denominado\u00a0<i>POR EL BIEN<\/i>. A juicio de la persona denunciante, dicho material presuntamente contiene la imputaci\u00f3n de hechos falsos en su contra, por lo que solicit\u00f3 la suspensi\u00f3n de su difusi\u00f3n.<\/span><\/p>\n<p class=\"x_MsoNormal\">\n<p class=\"x_MsoNormal\">Al respecto el colegiado determin\u00f3, por unanimidad de votos, que, bajo la apariencia del buen derecho, es improcedente ordenar la suspensi\u00f3n del promocional, toda vez que, no se advierte, la imputaci\u00f3n de un hecho o delito falso, de manera directa en contra del denunciante.<\/p>\n<p class=\"x_MsoNormal\">\n<p class=\"x_MsoNormal\">Lo anterior,<b>\u00a0<\/b>ya que, de un an\u00e1lisis preliminar se concluy\u00f3 que las expresiones ah\u00ed contenidas\u00a0<span lang=\"ES\">forman parte de la opini\u00f3n del emisor sobre temas de inter\u00e9s general<\/span>, por lo que no existen elementos para determinar que la frase est\u00e9 dirigida de manera inequ\u00edvoca y directa al denunciante.<\/p>\n<p class=\"x_MsoNormal\">\n<p class=\"x_MsoNormal\">Sin embargo, las consejer\u00edas integrantes de la Comisi\u00f3n precisaron que esta decisi\u00f3n no implica que los partidos pol\u00edticos puedan incluir en sus promocionales la imagen de cualquier persona, sino solamente de aquellas que puedan considerarse como personas privadas con proyecci\u00f3n p\u00fablica, en t\u00e9rminos de los criterios que al efecto ha establecido la Suprema Corte de Justicia de la Naci\u00f3n (SCJN); entendiendo por proyecci\u00f3n p\u00fablica, entre otros factores, su incidencia en la sociedad por su actividad pol\u00edtica, profesi\u00f3n, trascendencia econ\u00f3mica o relaci\u00f3n social, as\u00ed como su relaci\u00f3n con alg\u00fan suceso importante para la sociedad, como en el caso que acontece con el quejoso.<\/p>\n","protected":false},"excerpt":{"rendered":"<p>La Comisi\u00f3n de Quejas y Denuncias del Instituto Nacional Electoral (INE) resolvi\u00f3 una solicitud de medida cautelar presentada por una persona con proyecci\u00f3n p\u00fablica en contra del partido pol\u00edtico Morena, con motivo de la transmisi\u00f3n del promocional de televisi\u00f3n denominado\u00a0POR EL BIEN. A juicio de la persona denunciante, dicho material presuntamente contiene la imputaci\u00f3n de [&hellip;]<\/p>\n","protected":false},"author":2,"featured_media":247756,"comment_status":"closed","ping_status":"closed","sticky":false,"template":"","format":"standard","meta":{"footnotes":""},"categories":[12870,12868],"tags":[12865,12879],"class_list":["post-247755","post","type-post","status-publish","format-standard","has-post-thumbnail","hentry","category-destacadas","category-politica","tag-destacadas","tag-politica"],"jetpack_featured_media_url":"https:\/\/rnoticias.com.mx\/Portal\/wp-content\/uploads\/2026\/03\/INE-1-980x735-1.webp","amp_enabled":true,"_links":{"self":[{"href":"https:\/\/rnoticias.com.mx\/Portal\/wp-json\/wp\/v2\/posts\/247755","targetHints":{"allow":["GET"]}}],"collection":[{"href":"https:\/\/rnoticias.com.mx\/Portal\/wp-json\/wp\/v2\/posts"}],"about":[{"href":"https:\/\/rnoticias.com.mx\/Portal\/wp-json\/wp\/v2\/types\/post"}],"author":[{"embeddable":true,"href":"https:\/\/rnoticias.com.mx\/Portal\/wp-json\/wp\/v2\/users\/2"}],"replies":[{"embeddable":true,"href":"https:\/\/rnoticias.com.mx\/Portal\/wp-json\/wp\/v2\/comments?post=247755"}],"version-history":[{"count":1,"href":"https:\/\/rnoticias.com.mx\/Portal\/wp-json\/wp\/v2\/posts\/247755\/revisions"}],"predecessor-version":[{"id":247757,"href":"https:\/\/rnoticias.com.mx\/Portal\/wp-json\/wp\/v2\/posts\/247755\/revisions\/247757"}],"wp:featuredmedia":[{"embeddable":true,"href":"https:\/\/rnoticias.com.mx\/Portal\/wp-json\/wp\/v2\/media\/247756"}],"wp:attachment":[{"href":"https:\/\/rnoticias.com.mx\/Portal\/wp-json\/wp\/v2\/media?parent=247755"}],"wp:term":[{"taxonomy":"category","embeddable":true,"href":"https:\/\/rnoticias.com.mx\/Portal\/wp-json\/wp\/v2\/categories?post=247755"},{"taxonomy":"post_tag","embeddable":true,"href":"https:\/\/rnoticias.com.mx\/Portal\/wp-json\/wp\/v2\/tags?post=247755"}],"curies":[{"name":"wp","href":"https:\/\/api.w.org\/{rel}","templated":true}]}}