{"id":247752,"date":"2026-03-04T20:41:08","date_gmt":"2026-03-05T03:41:08","guid":{"rendered":"https:\/\/rnoticias.com.mx\/Portal\/?p=247752"},"modified":"2026-03-04T20:41:08","modified_gmt":"2026-03-05T03:41:08","slug":"inicia-ine-dialogos-democraticos-en-coordinacion-con-el-instituto-internacional-para-la-democracia-y-la-asistencia-electoral-y-con-la-participacion-del-servicio-electoral-de-chile-e","status":"publish","type":"post","link":"https:\/\/rnoticias.com.mx\/Portal\/2026\/03\/04\/inicia-ine-dialogos-democraticos-en-coordinacion-con-el-instituto-internacional-para-la-democracia-y-la-asistencia-electoral-y-con-la-participacion-del-servicio-electoral-de-chile-e\/","title":{"rendered":"Inicia INE \u201cDi\u00e1logos Democr\u00e1ticos\u201d en coordinaci\u00f3n con el Instituto Internacional para la Democracia y la Asistencia Electoral, y con la participaci\u00f3n del Servicio Electoral de Chile Electoral"},"content":{"rendered":"<p class=\"x_MsoNormal\"><span data-olk-copy-source=\"MessageBody\">Como parte de las actividades que realiza la Coordinaci\u00f3n de Asuntos Internacionales del Instituto Nacional Electoral (INE) para el fortalecimiento de capacidades del funcionariado electoral, se celebr\u00f3 el primero de una serie de encuentros internacionales denominados \u201cDi\u00e1logos Democr\u00e1ticos\u201d para generar un espacio de an\u00e1lisis e intercambio sobre las particularidades y experiencias derivadas de la organizaci\u00f3n de procesos electorales en diversos pa\u00edses en beneficio de las personas e instituciones integrantes del Sistema Nacional Electoral.<\/span><\/p>\n<p class=\"x_MsoNormal\">\n<p class=\"x_MsoNormal\">En el encuentro participaron la Consejera Electoral del INE, Norma Irene De La Cruz Maga\u00f1a; la Presidenta del Consejo Directivo del Servicio Electoral de Chile (SERVEL), Pamela Figueroa Rubio; la Directora Regional para Am\u00e9rica Latina y el Caribe del Instituto Internacional para la Democracia y la Asistencia Electoral (IDEA Internacional), Marcela R\u00edos Tobar; la Coordinadora de Asuntos Internacionales del INE, Arlene Cabral Porchas, as\u00ed como m\u00e1s de 200 personas integrantes del Instituto Nacional Electoral y de los Organismos P\u00fablicos Locales Electoral.<\/p>\n<p class=\"x_MsoNormal\">\n<p class=\"x_MsoNormal\">Durante su intervenci\u00f3n, la Consejera Norma De La Cruz enfatiz\u00f3 la importancia de conocer otras perspectivas respecto a la forma en que se llevan a cabo procesos electorales, particularmente, desde la mirada de los \u00f3rganos electorales que organizaron los procesos. Esto contribuye a fortalecer el aprendizaje y a reflexionar sobre las diferencias, coincidencias y \u00e1reas de mejora. Destac\u00f3 tambi\u00e9n que uno de los principales objetivos de la serie de encuentros que se desarrollar\u00e1n en colaboraci\u00f3n con IDEA Internacional, es involucrar a todo el Sistema Nacional Electoral.<\/p>\n<p class=\"x_MsoNormal\">\n<p class=\"x_MsoNormal\">A su vez, la Directora para Am\u00e9rica Latina y el Caribe de IDEA Internacional, refrend\u00f3 lo valioso que resulta generar mecanismos de cooperaci\u00f3n e intercambio internacional, y realiz\u00f3 una reflexi\u00f3n desde la mirada internacional, destacando que Chile es de los pa\u00edses que cuenta con un importante reconocimiento por el alto nivel de confianza ciudadana y partidista en el proceso y en las instituciones electorales.<\/p>\n<p class=\"x_MsoNormal\">\n<p class=\"x_MsoNormal\">Por su parte, la Presidenta del Consejo Directivo del SERVEL comparti\u00f3 los principales aspectos y caracter\u00edsticas de la celebraci\u00f3n de elecciones en el pa\u00eds sudamericano, incluyendo temas como la organizaci\u00f3n y capacitaci\u00f3n electoral, educaci\u00f3n c\u00edvica, fiscalizaci\u00f3n de gastos, celebraci\u00f3n de la jornada electoral, as\u00ed como la realizaci\u00f3n de la etapa de escrutinio y c\u00f3mputo.<\/p>\n<p class=\"x_MsoNormal\">\n<p class=\"x_MsoNormal\">Al encuentro virtual acudieron personas funcionarias del Sistema Nacional Electoral de todo el pa\u00eds, quienes formularon interesantes preguntas centradas, principalmente, en las coincidencias y diferencias entre el sistema electoral de Chile y M\u00e9xico.<\/p>\n","protected":false},"excerpt":{"rendered":"<p>Como parte de las actividades que realiza la Coordinaci\u00f3n de Asuntos Internacionales del Instituto Nacional Electoral (INE) para el fortalecimiento de capacidades del funcionariado electoral, se celebr\u00f3 el primero de una serie de encuentros internacionales denominados \u201cDi\u00e1logos Democr\u00e1ticos\u201d para generar un espacio de an\u00e1lisis e intercambio sobre las particularidades y experiencias derivadas de la organizaci\u00f3n [&hellip;]<\/p>\n","protected":false},"author":2,"featured_media":247753,"comment_status":"closed","ping_status":"closed","sticky":false,"template":"","format":"standard","meta":{"footnotes":""},"categories":[12870,12868],"tags":[12865,12879],"class_list":["post-247752","post","type-post","status-publish","format-standard","has-post-thumbnail","hentry","category-destacadas","category-politica","tag-destacadas","tag-politica"],"jetpack_featured_media_url":"https:\/\/rnoticias.com.mx\/Portal\/wp-content\/uploads\/2026\/03\/WhatsApp-Image-2026-02-27-at-5.22.25-PM-1.jpeg","amp_enabled":true,"_links":{"self":[{"href":"https:\/\/rnoticias.com.mx\/Portal\/wp-json\/wp\/v2\/posts\/247752","targetHints":{"allow":["GET"]}}],"collection":[{"href":"https:\/\/rnoticias.com.mx\/Portal\/wp-json\/wp\/v2\/posts"}],"about":[{"href":"https:\/\/rnoticias.com.mx\/Portal\/wp-json\/wp\/v2\/types\/post"}],"author":[{"embeddable":true,"href":"https:\/\/rnoticias.com.mx\/Portal\/wp-json\/wp\/v2\/users\/2"}],"replies":[{"embeddable":true,"href":"https:\/\/rnoticias.com.mx\/Portal\/wp-json\/wp\/v2\/comments?post=247752"}],"version-history":[{"count":1,"href":"https:\/\/rnoticias.com.mx\/Portal\/wp-json\/wp\/v2\/posts\/247752\/revisions"}],"predecessor-version":[{"id":247754,"href":"https:\/\/rnoticias.com.mx\/Portal\/wp-json\/wp\/v2\/posts\/247752\/revisions\/247754"}],"wp:featuredmedia":[{"embeddable":true,"href":"https:\/\/rnoticias.com.mx\/Portal\/wp-json\/wp\/v2\/media\/247753"}],"wp:attachment":[{"href":"https:\/\/rnoticias.com.mx\/Portal\/wp-json\/wp\/v2\/media?parent=247752"}],"wp:term":[{"taxonomy":"category","embeddable":true,"href":"https:\/\/rnoticias.com.mx\/Portal\/wp-json\/wp\/v2\/categories?post=247752"},{"taxonomy":"post_tag","embeddable":true,"href":"https:\/\/rnoticias.com.mx\/Portal\/wp-json\/wp\/v2\/tags?post=247752"}],"curies":[{"name":"wp","href":"https:\/\/api.w.org\/{rel}","templated":true}]}}