{"id":247739,"date":"2026-03-04T19:58:07","date_gmt":"2026-03-05T02:58:07","guid":{"rendered":"https:\/\/rnoticias.com.mx\/Portal\/?p=247739"},"modified":"2026-03-04T19:58:07","modified_gmt":"2026-03-05T02:58:07","slug":"autos-afiliados-buscan-permiso-para-circular-en-semana-santa","status":"publish","type":"post","link":"https:\/\/rnoticias.com.mx\/Portal\/2026\/03\/04\/autos-afiliados-buscan-permiso-para-circular-en-semana-santa\/","title":{"rendered":"Autos afiliados buscan permiso para circular en Semana Santa"},"content":{"rendered":"<p>Hermosillo, Sonora. Dirigentes de organizaciones que agrupan a propietarios de veh\u00edculos de procedencia extranjera en Sonora informaron que gestionan ante el Gobierno del Estado y la Guardia Nacional un permiso para que sus agremiados puedan circular sin contratiempos durante el periodo de Semana Santa.<\/p>\n<p>&nbsp;<\/p>\n<p>Fidel Lugo, de SIPPAFA; Gamaliel Ca\u00f1edo, de ODEPAFA; Mart\u00edn Manzo, de FEA; y Roberto Rosas, de L\u00edder A.C., explicaron que el apoyo est\u00e1 dirigido a personas que no han podido regularizar sus veh\u00edculos o que quedaron pendientes en programas anteriores.<\/p>\n<p>&nbsp;<\/p>\n<p>Se\u00f1alaron que el objetivo es facilitar que las familias puedan trasladarse a playas y destinos tur\u00edsticos unicamente de Sonora durante los d\u00edas de asueto. Para ello, los conductores deber\u00e1n portar afiliaci\u00f3n vigente, seguro de da\u00f1os a terceros, carta de no robo del veh\u00edculo y licencia de conducir vigente.<\/p>\n<p>&nbsp;<\/p>\n<p>Advirtieron que quienes no cuenten con la documentaci\u00f3n actualizada podr\u00edan tener problemas en revisiones.<\/p>\n<p>&nbsp;<\/p>\n","protected":false},"excerpt":{"rendered":"<p>Hermosillo, Sonora. Dirigentes de organizaciones que agrupan a propietarios de veh\u00edculos de procedencia extranjera en Sonora informaron que gestionan ante el Gobierno del Estado y la Guardia Nacional un permiso para que sus agremiados puedan circular sin contratiempos durante el periodo de Semana Santa. &nbsp; Fidel Lugo, de SIPPAFA; Gamaliel Ca\u00f1edo, de ODEPAFA; Mart\u00edn Manzo, [&hellip;]<\/p>\n","protected":false},"author":2,"featured_media":247740,"comment_status":"closed","ping_status":"closed","sticky":false,"template":"","format":"standard","meta":{"footnotes":""},"categories":[12870,178],"tags":[12865,12869],"class_list":["post-247739","post","type-post","status-publish","format-standard","has-post-thumbnail","hentry","category-destacadas","category-local","tag-destacadas","tag-local"],"jetpack_featured_media_url":"https:\/\/rnoticias.com.mx\/Portal\/wp-content\/uploads\/2026\/03\/photo_2026-03-04_11-00-56.jpg","amp_enabled":true,"_links":{"self":[{"href":"https:\/\/rnoticias.com.mx\/Portal\/wp-json\/wp\/v2\/posts\/247739","targetHints":{"allow":["GET"]}}],"collection":[{"href":"https:\/\/rnoticias.com.mx\/Portal\/wp-json\/wp\/v2\/posts"}],"about":[{"href":"https:\/\/rnoticias.com.mx\/Portal\/wp-json\/wp\/v2\/types\/post"}],"author":[{"embeddable":true,"href":"https:\/\/rnoticias.com.mx\/Portal\/wp-json\/wp\/v2\/users\/2"}],"replies":[{"embeddable":true,"href":"https:\/\/rnoticias.com.mx\/Portal\/wp-json\/wp\/v2\/comments?post=247739"}],"version-history":[{"count":1,"href":"https:\/\/rnoticias.com.mx\/Portal\/wp-json\/wp\/v2\/posts\/247739\/revisions"}],"predecessor-version":[{"id":247741,"href":"https:\/\/rnoticias.com.mx\/Portal\/wp-json\/wp\/v2\/posts\/247739\/revisions\/247741"}],"wp:featuredmedia":[{"embeddable":true,"href":"https:\/\/rnoticias.com.mx\/Portal\/wp-json\/wp\/v2\/media\/247740"}],"wp:attachment":[{"href":"https:\/\/rnoticias.com.mx\/Portal\/wp-json\/wp\/v2\/media?parent=247739"}],"wp:term":[{"taxonomy":"category","embeddable":true,"href":"https:\/\/rnoticias.com.mx\/Portal\/wp-json\/wp\/v2\/categories?post=247739"},{"taxonomy":"post_tag","embeddable":true,"href":"https:\/\/rnoticias.com.mx\/Portal\/wp-json\/wp\/v2\/tags?post=247739"}],"curies":[{"name":"wp","href":"https:\/\/api.w.org\/{rel}","templated":true}]}}