{"id":247717,"date":"2026-03-04T16:38:37","date_gmt":"2026-03-04T23:38:37","guid":{"rendered":"https:\/\/rnoticias.com.mx\/Portal\/?p=247717"},"modified":"2026-03-04T16:38:37","modified_gmt":"2026-03-04T23:38:37","slug":"reciclando-por-sonrisas-suma-apoyo-para-santiago-en-hermosillo","status":"publish","type":"post","link":"https:\/\/rnoticias.com.mx\/Portal\/2026\/03\/04\/reciclando-por-sonrisas-suma-apoyo-para-santiago-en-hermosillo\/","title":{"rendered":"Reciclando por Sonrisas suma apoyo para Santiago en Hermosillo"},"content":{"rendered":"<p>Hermosillo, Sonora. La Ludoteca Ave Badu anunci\u00f3 la realizaci\u00f3n de la Recolecta n\u00famero 71 de su programa \u201cReciclando por Sonrisas\u201d, jornada solidaria que en esta ocasi\u00f3n estar\u00e1 destinada a apoyar a Santiago, un joven de 14 a\u00f1os con s\u00edndrome de Down.<\/p>\n<p>&nbsp;<\/p>\n<p>Viviana Bautista, directora general de la instituci\u00f3n, inform\u00f3 que La actividad se llevar\u00e1 a cabo este s\u00e1bado 7 de marzo en la Plaza Emiliana de Zubeld\u00eda, en un horario de 7:00 de la ma\u00f1ana a 1:00 de la tarde.<\/p>\n<p>&nbsp;<\/p>\n<p>\u201cLa invitaci\u00f3n est\u00e1 abierta a toda la comunidad para que participe llevando materiales reciclables y contribuya a esta causa social que busca transformar desechos en oportunidades\u201d, coment\u00f3.<\/p>\n<p>&nbsp;<\/p>\n<p>Durante la jornada, dijo, se estar\u00e1n recibiendo materiales como fierro, aluminio, lat\u00f3n, cart\u00f3n, papel, revistas, cuadernos, botellas de pl\u00e1stico, tapitas, aparatos electr\u00f3nicos y ropa en buen estado. Todo lo recolectado ser\u00e1 canalizado para generar recursos econ\u00f3micos que permitan respaldar las necesidades del beneficiario.<\/p>\n<p>&nbsp;<\/p>\n<p>La directora destac\u00f3 que cada aportaci\u00f3n cuenta y que el compromiso de las familias hermosillenses ha sido fundamental para que el programa contin\u00fae creciendo.<\/p>\n<p>&nbsp;<\/p>\n<p>\u201cReciclando por Sonrisas\u201d no solo promueve el cuidado del medio ambiente, sino que tambi\u00e9n fomenta la solidaridad y el trabajo en comunidad\u201d, cont\u00f3.<\/p>\n<p>&nbsp;<\/p>\n<p>Con esta nueva edici\u00f3n, la Ludoteca Ave Badu reafirma su misi\u00f3n de convertir el reciclaje en esperanza, demostrando que peque\u00f1as acciones pueden generar un impacto significativo en la vida de quienes m\u00e1s lo necesitan.<\/p>\n","protected":false},"excerpt":{"rendered":"<p>Hermosillo, Sonora. La Ludoteca Ave Badu anunci\u00f3 la realizaci\u00f3n de la Recolecta n\u00famero 71 de su programa \u201cReciclando por Sonrisas\u201d, jornada solidaria que en esta ocasi\u00f3n estar\u00e1 destinada a apoyar a Santiago, un joven de 14 a\u00f1os con s\u00edndrome de Down. &nbsp; Viviana Bautista, directora general de la instituci\u00f3n, inform\u00f3 que La actividad se llevar\u00e1 [&hellip;]<\/p>\n","protected":false},"author":2,"featured_media":247719,"comment_status":"closed","ping_status":"closed","sticky":false,"template":"","format":"standard","meta":{"footnotes":""},"categories":[12870,178],"tags":[12865,12869],"class_list":["post-247717","post","type-post","status-publish","format-standard","has-post-thumbnail","hentry","category-destacadas","category-local","tag-destacadas","tag-local"],"jetpack_featured_media_url":"https:\/\/rnoticias.com.mx\/Portal\/wp-content\/uploads\/2026\/03\/43.jpg","amp_enabled":true,"_links":{"self":[{"href":"https:\/\/rnoticias.com.mx\/Portal\/wp-json\/wp\/v2\/posts\/247717","targetHints":{"allow":["GET"]}}],"collection":[{"href":"https:\/\/rnoticias.com.mx\/Portal\/wp-json\/wp\/v2\/posts"}],"about":[{"href":"https:\/\/rnoticias.com.mx\/Portal\/wp-json\/wp\/v2\/types\/post"}],"author":[{"embeddable":true,"href":"https:\/\/rnoticias.com.mx\/Portal\/wp-json\/wp\/v2\/users\/2"}],"replies":[{"embeddable":true,"href":"https:\/\/rnoticias.com.mx\/Portal\/wp-json\/wp\/v2\/comments?post=247717"}],"version-history":[{"count":1,"href":"https:\/\/rnoticias.com.mx\/Portal\/wp-json\/wp\/v2\/posts\/247717\/revisions"}],"predecessor-version":[{"id":247720,"href":"https:\/\/rnoticias.com.mx\/Portal\/wp-json\/wp\/v2\/posts\/247717\/revisions\/247720"}],"wp:featuredmedia":[{"embeddable":true,"href":"https:\/\/rnoticias.com.mx\/Portal\/wp-json\/wp\/v2\/media\/247719"}],"wp:attachment":[{"href":"https:\/\/rnoticias.com.mx\/Portal\/wp-json\/wp\/v2\/media?parent=247717"}],"wp:term":[{"taxonomy":"category","embeddable":true,"href":"https:\/\/rnoticias.com.mx\/Portal\/wp-json\/wp\/v2\/categories?post=247717"},{"taxonomy":"post_tag","embeddable":true,"href":"https:\/\/rnoticias.com.mx\/Portal\/wp-json\/wp\/v2\/tags?post=247717"}],"curies":[{"name":"wp","href":"https:\/\/api.w.org\/{rel}","templated":true}]}}