{"id":247702,"date":"2026-03-04T16:12:55","date_gmt":"2026-03-04T23:12:55","guid":{"rendered":"https:\/\/rnoticias.com.mx\/Portal\/?p=247702"},"modified":"2026-03-04T16:12:55","modified_gmt":"2026-03-04T23:12:55","slug":"presentaran-en-hermosillo-la-zarzuela-cubana-cecilia-valdez","status":"publish","type":"post","link":"https:\/\/rnoticias.com.mx\/Portal\/2026\/03\/04\/presentaran-en-hermosillo-la-zarzuela-cubana-cecilia-valdez\/","title":{"rendered":"Presentar\u00e1n en Hermosillo la zarzuela cubana \u201cCecilia Valdez\u201d"},"content":{"rendered":"<p>&nbsp;<\/p>\n<p>Hermosillo, Sonora. La zarzuela cubana Cecilia Valdez, compuesta por Gonzalo Roig y basada en la novela de Cirilo Villaverde, llegar\u00e1 al escenario del Teatro de la Ciudad de la Casa de la Cultura este jueves y viernes a las 19:00 horas.<\/p>\n<p>&nbsp;<\/p>\n<p>La soprano sonorense Mar\u00eda Li, coordinadora del proyecto y protagonista de las funciones de jueves 5 y viernes 6 de marzo, explic\u00f3 que la puesta en escena retrata la historia de una joven de 18 a\u00f1os, conocida como la mulata m\u00e1s bella de La Habana, quien se enamora de Leonardo Gamboa, un joven de clase acomodada.<\/p>\n<p>&nbsp;<\/p>\n<p>\u201cSu romance desata conflictos marcados por las diferencias sociales y raciales, as\u00ed como por un secreto que el p\u00fablico descubrir\u00e1 durante la funci\u00f3n. Se trata de una producci\u00f3n de gran formato en la que participan m\u00e1s de 80 artistas en escena\u201d, dijo.<\/p>\n<p>&nbsp;<\/p>\n<p>A\u00f1adi\u00f3, que el montaje cuenta con la colaboraci\u00f3n del Coro Jes\u00fas y Cecilio, Coral Ferrals y la Orquesta Filarm\u00f3nica de Sonora, bajo la direcci\u00f3n musical del maestro Eduardo Alarc\u00f3n, quien tambi\u00e9n encabeza el proyecto.<\/p>\n<p>&nbsp;<\/p>\n<p>Adem\u00e1s, mencion\u00f3, que el domingo 8 de marzo, a las 12:00 horas se ofrecer\u00e1 una funci\u00f3n especial protagonizada por la soprano Luz Divina Mej\u00eda, en lo que ser\u00e1 su debut en el papel principal. El espect\u00e1culo tiene una duraci\u00f3n aproximada de una hora con 45 minutos.<\/p>\n<p>&nbsp;<\/p>\n<p>\u201cEl costo de la admisi\u00f3n general es de 300 pesos, aunque este d\u00eda se ofrecen boletos con descuento en 250 pesos en la Casa de la Cultura\u201d, detall\u00f3.<\/p>\n<p>&nbsp;<\/p>\n<p>Finalmente, Mar\u00eda Li invit\u00f3 al p\u00fablico a disfrutar de una historia llena de pasi\u00f3n, entrega y talento, asegurando que el elenco brindar\u00e1 \u201cl\u00e1grimas, sudor y garganta\u201d sobre el escenario.<\/p>\n<p>&nbsp;<\/p>\n","protected":false},"excerpt":{"rendered":"<p>&nbsp; Hermosillo, Sonora. La zarzuela cubana Cecilia Valdez, compuesta por Gonzalo Roig y basada en la novela de Cirilo Villaverde, llegar\u00e1 al escenario del Teatro de la Ciudad de la Casa de la Cultura este jueves y viernes a las 19:00 horas. &nbsp; La soprano sonorense Mar\u00eda Li, coordinadora del proyecto y protagonista de las [&hellip;]<\/p>\n","protected":false},"author":2,"featured_media":247703,"comment_status":"closed","ping_status":"closed","sticky":false,"template":"","format":"standard","meta":{"footnotes":""},"categories":[12870,178],"tags":[12865,12869],"class_list":["post-247702","post","type-post","status-publish","format-standard","has-post-thumbnail","hentry","category-destacadas","category-local","tag-destacadas","tag-local"],"jetpack_featured_media_url":"https:\/\/rnoticias.com.mx\/Portal\/wp-content\/uploads\/2026\/03\/333.jpg","amp_enabled":true,"_links":{"self":[{"href":"https:\/\/rnoticias.com.mx\/Portal\/wp-json\/wp\/v2\/posts\/247702","targetHints":{"allow":["GET"]}}],"collection":[{"href":"https:\/\/rnoticias.com.mx\/Portal\/wp-json\/wp\/v2\/posts"}],"about":[{"href":"https:\/\/rnoticias.com.mx\/Portal\/wp-json\/wp\/v2\/types\/post"}],"author":[{"embeddable":true,"href":"https:\/\/rnoticias.com.mx\/Portal\/wp-json\/wp\/v2\/users\/2"}],"replies":[{"embeddable":true,"href":"https:\/\/rnoticias.com.mx\/Portal\/wp-json\/wp\/v2\/comments?post=247702"}],"version-history":[{"count":1,"href":"https:\/\/rnoticias.com.mx\/Portal\/wp-json\/wp\/v2\/posts\/247702\/revisions"}],"predecessor-version":[{"id":247704,"href":"https:\/\/rnoticias.com.mx\/Portal\/wp-json\/wp\/v2\/posts\/247702\/revisions\/247704"}],"wp:featuredmedia":[{"embeddable":true,"href":"https:\/\/rnoticias.com.mx\/Portal\/wp-json\/wp\/v2\/media\/247703"}],"wp:attachment":[{"href":"https:\/\/rnoticias.com.mx\/Portal\/wp-json\/wp\/v2\/media?parent=247702"}],"wp:term":[{"taxonomy":"category","embeddable":true,"href":"https:\/\/rnoticias.com.mx\/Portal\/wp-json\/wp\/v2\/categories?post=247702"},{"taxonomy":"post_tag","embeddable":true,"href":"https:\/\/rnoticias.com.mx\/Portal\/wp-json\/wp\/v2\/tags?post=247702"}],"curies":[{"name":"wp","href":"https:\/\/api.w.org\/{rel}","templated":true}]}}