{"id":247689,"date":"2026-03-04T09:02:40","date_gmt":"2026-03-04T16:02:40","guid":{"rendered":"https:\/\/rnoticias.com.mx\/Portal\/?p=247689"},"modified":"2026-03-04T09:02:40","modified_gmt":"2026-03-04T16:02:40","slug":"barcelona-se-queda-a-un-gol-y-atletico-de-madrid-va-a-la-final-de-la-copa-del-rey","status":"publish","type":"post","link":"https:\/\/rnoticias.com.mx\/Portal\/2026\/03\/04\/barcelona-se-queda-a-un-gol-y-atletico-de-madrid-va-a-la-final-de-la-copa-del-rey\/","title":{"rendered":"Barcelona se queda a un gol y Atl\u00e9tico de Madrid va a la final de la Copa del Rey"},"content":{"rendered":"<p>El\u00a0<strong>Atl\u00e9tico de Madrid<\/strong>, pese a perder en el\u00a0<strong>Camp Nou<\/strong>\u00a0ante el\u00a0<strong>FC Barcelona<\/strong>\u00a0por 3-0 en la vuelta de las semifinales de la\u00a0<strong>Copa del Rey,<\/strong>\u00a0disputar\u00e1 la final gracias a la victoria 4-0 cosechada en la ida en el\u00a0<strong>Metropolitano<\/strong>.<\/p>\n<p><strong>Marc Bernal<\/strong>\u00a0(29&#8242;, 72&#8242;) y\u00a0<strong>Raphinha\u00a0<\/strong>(45+4&#8242;, de penal) mantuvieron hasta el final la esperanza de una remontada cul\u00e9 que finalmente no se consum\u00f3.<\/p>\n<div class=\"code-block code-block-9\"><\/div>\n<p class=\"has-dark-gray-color has-text-color has-link-color wp-elements-85ba58b7e65e40223e6ad47ed3dd4208\">El Atl\u00e9tico de Madrid, que no levanta la\u00a0<a href=\"https:\/\/www.laliga.com\/otras-competiciones\/copa-del-rey\" target=\"_blank\" rel=\"noreferrer noopener\">Copa del Rey<\/a>\u00a0desde\u00a0<strong>2013<\/strong>, disputar\u00e1 la final en\u00a0<strong>Sevilla<\/strong>\u00a0el\u00a0<strong>18 de abril<\/strong>\u00a0ante el vencedor del\u00a0<strong>derbi vasco<\/strong>\u00a0entre\u00a0<strong>Real Sociedad<\/strong>\u00a0y\u00a0<strong>Athletic Club<\/strong>, que se enfrentan el mi\u00e9rcoles con ventaja 1-0 en la ida para la Real.<\/p>\n<p><strong>Diego &#8220;Cholo&#8221; Simeone<\/strong>, timonel de los colchoneros, dispuso desde el comienzo de un once inicial m\u00e1s ofensivo de lo esperado.<\/p>\n<p>A pesar de las presencias de\u00a0<strong>Ademola Lookman<\/strong>\u00a0y\u00a0<strong>Giuliano Simeone<\/strong>, y\u00a0<strong>Juli\u00e1n \u00c1lvarez<\/strong>\u00a0como referencia ofensiva por delante de Antoine\u00a0<strong>Griezmann<\/strong>, el cuadro azulgrana demostr\u00f3 desde el principio que no se resignaba a decir adi\u00f3s al torneo sin pelear.<\/p>\n<p>Ni siquiera la lesi\u00f3n del defensa franc\u00e9s\u00a0<strong>Jules Kound\u00e9<\/strong>, que tuvieron que sustituir en el minuto 12, apag\u00f3 el \u00edmpetu del Barcelona frente al Atl\u00e9tico de Madrid.<\/p>\n","protected":false},"excerpt":{"rendered":"<p>El\u00a0Atl\u00e9tico de Madrid, pese a perder en el\u00a0Camp Nou\u00a0ante el\u00a0FC Barcelona\u00a0por 3-0 en la vuelta de las semifinales de la\u00a0Copa del Rey,\u00a0disputar\u00e1 la final gracias a la victoria 4-0 cosechada en la ida en el\u00a0Metropolitano. Marc Bernal\u00a0(29&#8242;, 72&#8242;) y\u00a0Raphinha\u00a0(45+4&#8242;, de penal) mantuvieron hasta el final la esperanza de una remontada cul\u00e9 que finalmente no se [&hellip;]<\/p>\n","protected":false},"author":2,"featured_media":247690,"comment_status":"closed","ping_status":"closed","sticky":false,"template":"","format":"standard","meta":{"footnotes":""},"categories":[188],"tags":[5231],"class_list":["post-247689","post","type-post","status-publish","format-standard","has-post-thumbnail","hentry","category-deportes","tag-deportes"],"jetpack_featured_media_url":"https:\/\/rnoticias.com.mx\/Portal\/wp-content\/uploads\/2026\/03\/76d742f0a3347c391adeec8bf7aeea0e.webp","amp_enabled":true,"_links":{"self":[{"href":"https:\/\/rnoticias.com.mx\/Portal\/wp-json\/wp\/v2\/posts\/247689","targetHints":{"allow":["GET"]}}],"collection":[{"href":"https:\/\/rnoticias.com.mx\/Portal\/wp-json\/wp\/v2\/posts"}],"about":[{"href":"https:\/\/rnoticias.com.mx\/Portal\/wp-json\/wp\/v2\/types\/post"}],"author":[{"embeddable":true,"href":"https:\/\/rnoticias.com.mx\/Portal\/wp-json\/wp\/v2\/users\/2"}],"replies":[{"embeddable":true,"href":"https:\/\/rnoticias.com.mx\/Portal\/wp-json\/wp\/v2\/comments?post=247689"}],"version-history":[{"count":1,"href":"https:\/\/rnoticias.com.mx\/Portal\/wp-json\/wp\/v2\/posts\/247689\/revisions"}],"predecessor-version":[{"id":247691,"href":"https:\/\/rnoticias.com.mx\/Portal\/wp-json\/wp\/v2\/posts\/247689\/revisions\/247691"}],"wp:featuredmedia":[{"embeddable":true,"href":"https:\/\/rnoticias.com.mx\/Portal\/wp-json\/wp\/v2\/media\/247690"}],"wp:attachment":[{"href":"https:\/\/rnoticias.com.mx\/Portal\/wp-json\/wp\/v2\/media?parent=247689"}],"wp:term":[{"taxonomy":"category","embeddable":true,"href":"https:\/\/rnoticias.com.mx\/Portal\/wp-json\/wp\/v2\/categories?post=247689"},{"taxonomy":"post_tag","embeddable":true,"href":"https:\/\/rnoticias.com.mx\/Portal\/wp-json\/wp\/v2\/tags?post=247689"}],"curies":[{"name":"wp","href":"https:\/\/api.w.org\/{rel}","templated":true}]}}