{"id":247683,"date":"2026-03-04T06:09:20","date_gmt":"2026-03-04T13:09:20","guid":{"rendered":"https:\/\/rnoticias.com.mx\/Portal\/?p=247683"},"modified":"2026-03-04T06:09:20","modified_gmt":"2026-03-04T13:09:20","slug":"captura-amic-en-flagrancia-a-sujeto-por-robo-con-violencia-y-lesiones-calificadas-en-vivienda-en-hermosillo","status":"publish","type":"post","link":"https:\/\/rnoticias.com.mx\/Portal\/2026\/03\/04\/captura-amic-en-flagrancia-a-sujeto-por-robo-con-violencia-y-lesiones-calificadas-en-vivienda-en-hermosillo\/","title":{"rendered":"Captura AMIC en flagrancia a sujeto por robo con violencia y lesiones calificadas en vivienda en Hermosillo"},"content":{"rendered":"<p>Hermosillo, Sonora, 4 de marzo de 2026.- La Fiscal\u00eda General de Justicia del Estado de Sonora (FGJES), captur\u00f3 en flagrancia a Daniel Sam &#8220;N&#8221;, alias &#8220;El G\u00fcero&#8221;, por su probable responsabilidad en el delito de robo con violencia cometido en casa-habitaci\u00f3n, utilizando arma de fuego, en Hermosillo.<\/p>\n<p>De acuerdo con los actos iniciales de investigaci\u00f3n, los hechos ocurrieron en un domicilio ubicado en calle del Desierto, colonia Real del Llano, donde los elementos de la AMIC acudieron como primeros respondientes tras recibir reporte de persona lesionada por arma de fuego.<\/p>\n<p>En entrevista, la v\u00edctima se\u00f1al\u00f3 que el imputado, conocido con el alias \u201cG\u00fcero\u201d, lo amenaz\u00f3 con un arma de fuego, ingres\u00f3 al inmueble sin autorizaci\u00f3n, lo agredi\u00f3 f\u00edsicamente ocasion\u00e1ndole una lesi\u00f3n en regi\u00f3n craneal y lo despoj\u00f3 de una laptop marca Dell y un tel\u00e9fono celular marca Samsung, para posteriormente dejarlo encerrado bajo amenazas.<\/p>\n<p>Derivado de la inmediata intervenci\u00f3n operativa y labores de localizaci\u00f3n, el detenido fue ubicado en posesi\u00f3n de los objetos sustra\u00eddos, mismos que fueron asegurados como indicios materiales relacionados con el hecho delictivo.<\/p>\n<p>El arma de fuego referida no fue localizada durante la detenci\u00f3n, por lo que contin\u00faan las diligencias para su ubicaci\u00f3n y aseguramiento<\/p>\n<p>Conforme a registros institucionales, el imputado cuenta con antecedentes por violencia familiar, narcomenudeo y robo con violencia en casa habitaci\u00f3n, informaci\u00f3n que forma parte de los antecedentes de investigaci\u00f3n y ser\u00e1 valorada por la autoridad jurisdiccional en el \u00e1mbito de su competencia.<\/p>\n<p>La Fiscal\u00eda General de Justicia del Estado de Sonora refrenda su compromiso de investigar con rigor jur\u00eddico los delitos que vulneran la integridad f\u00edsica y el patrimonio de las personas, actuando con estricto apego al debido proceso y respeto irrestricto a los derechos humanos.<\/p>\n","protected":false},"excerpt":{"rendered":"<p>Hermosillo, Sonora, 4 de marzo de 2026.- La Fiscal\u00eda General de Justicia del Estado de Sonora (FGJES), captur\u00f3 en flagrancia a Daniel Sam &#8220;N&#8221;, alias &#8220;El G\u00fcero&#8221;, por su probable responsabilidad en el delito de robo con violencia cometido en casa-habitaci\u00f3n, utilizando arma de fuego, en Hermosillo. De acuerdo con los actos iniciales de investigaci\u00f3n, [&hellip;]<\/p>\n","protected":false},"author":2,"featured_media":247684,"comment_status":"closed","ping_status":"closed","sticky":false,"template":"","format":"standard","meta":{"footnotes":""},"categories":[12870,178],"tags":[12865,12869],"class_list":["post-247683","post","type-post","status-publish","format-standard","has-post-thumbnail","hentry","category-destacadas","category-local","tag-destacadas","tag-local"],"jetpack_featured_media_url":"https:\/\/rnoticias.com.mx\/Portal\/wp-content\/uploads\/2026\/03\/66.jpg","amp_enabled":true,"_links":{"self":[{"href":"https:\/\/rnoticias.com.mx\/Portal\/wp-json\/wp\/v2\/posts\/247683","targetHints":{"allow":["GET"]}}],"collection":[{"href":"https:\/\/rnoticias.com.mx\/Portal\/wp-json\/wp\/v2\/posts"}],"about":[{"href":"https:\/\/rnoticias.com.mx\/Portal\/wp-json\/wp\/v2\/types\/post"}],"author":[{"embeddable":true,"href":"https:\/\/rnoticias.com.mx\/Portal\/wp-json\/wp\/v2\/users\/2"}],"replies":[{"embeddable":true,"href":"https:\/\/rnoticias.com.mx\/Portal\/wp-json\/wp\/v2\/comments?post=247683"}],"version-history":[{"count":1,"href":"https:\/\/rnoticias.com.mx\/Portal\/wp-json\/wp\/v2\/posts\/247683\/revisions"}],"predecessor-version":[{"id":247685,"href":"https:\/\/rnoticias.com.mx\/Portal\/wp-json\/wp\/v2\/posts\/247683\/revisions\/247685"}],"wp:featuredmedia":[{"embeddable":true,"href":"https:\/\/rnoticias.com.mx\/Portal\/wp-json\/wp\/v2\/media\/247684"}],"wp:attachment":[{"href":"https:\/\/rnoticias.com.mx\/Portal\/wp-json\/wp\/v2\/media?parent=247683"}],"wp:term":[{"taxonomy":"category","embeddable":true,"href":"https:\/\/rnoticias.com.mx\/Portal\/wp-json\/wp\/v2\/categories?post=247683"},{"taxonomy":"post_tag","embeddable":true,"href":"https:\/\/rnoticias.com.mx\/Portal\/wp-json\/wp\/v2\/tags?post=247683"}],"curies":[{"name":"wp","href":"https:\/\/api.w.org\/{rel}","templated":true}]}}