{"id":247674,"date":"2026-03-04T06:01:34","date_gmt":"2026-03-04T13:01:34","guid":{"rendered":"https:\/\/rnoticias.com.mx\/Portal\/?p=247674"},"modified":"2026-03-04T06:01:34","modified_gmt":"2026-03-04T13:01:34","slug":"claudia-sheinbaum-enviara-su-iniciativa-de-reforma-electoral-este-miercoles","status":"publish","type":"post","link":"https:\/\/rnoticias.com.mx\/Portal\/2026\/03\/04\/claudia-sheinbaum-enviara-su-iniciativa-de-reforma-electoral-este-miercoles\/","title":{"rendered":"Claudia Sheinbaum enviar\u00e1 su iniciativa de reforma electoral este mi\u00e9rcoles"},"content":{"rendered":"<p class=\"has-dark-gray-color has-text-color has-link-color wp-elements-da25d7215ac8faf52eca7100464fcc1c\">Por m\u00e1s de tres horas, la presidenta\u00a0<strong>Claudia Sheinbaum<\/strong>\u00a0estuvo reunida con los integrantes de la\u00a0<strong>Comisi\u00f3n Presidencial de la Reforma Electoral<\/strong>\u00a0y despu\u00e9s se sumaron los coordinadores parlamentarios de\u00a0<strong>Morena\u00a0<\/strong>y la dirigente nacional de ese partido,\u00a0<strong>Luisa Mar\u00eda Alcalde<\/strong>, para dar \u201clos toques finales\u201d a la iniciativa, que asegura,\u00a0<strong>Ricardo Monreal<\/strong>, enviar\u00e1 este\u00a0<strong>mi\u00e9rcoles al medio d\u00eda a\u00a0<a href=\"https:\/\/web.diputados.gob.mx\/\" target=\"_blank\" rel=\"noreferrer noopener\">San L\u00e1zaro<\/a><\/strong>.<\/p>\n<blockquote class=\"wp-block-quote is-layout-flow wp-block-quote-is-layout-flow\"><p>\u201cSe estaban dando los toques finales a la iniciativa que enviar\u00e1 la presidenta de la Rep\u00fablica Claudia Sheinbaum a la\u00a0<strong>C\u00e1mara de Diputados<\/strong>\u00a0como C\u00e1mara de origen, ma\u00f1ana al mediod\u00eda\u201d, inform\u00f3 el l\u00edder de los diputados federales de Morena, Ricardo Monreal al salir de la reuni\u00f3n en\u00a0<strong>Palacio Nacional<\/strong>.<\/p><\/blockquote>\n<p>Se\u00f1al\u00f3 que en la reuni\u00f3n se hicieron \u201cmodificaciones concretas\u201d a la propuesta de reforma constitucional en materia electoral y enfatiz\u00f3 que la titular del Ejecutivo federal est\u00e1 tranquila y consciente de que podr\u00eda no tener los votos de los aliados para aprobarla.<\/p>\n<div class=\"code-block code-block-14\"><\/div>\n<blockquote class=\"wp-block-quote is-layout-flow wp-block-quote-is-layout-flow\"><p>\u201cLa presidenta es consciente de todo, la presidenta est\u00e1 muy tranquila en el sentido de que ella est\u00e1 cumpliendo con un compromiso con la sociedad, que recogi\u00f3 en su campa\u00f1a del\u00a0<strong>2024\u00a0<\/strong>y que\u00a0<strong>plante\u00f3 en uno de los 100 compromisos<\/strong>\u00a0que hizo con la naci\u00f3n cuando tom\u00f3 protesta. Ella cumple con su prop\u00f3sito, cumple con su palabra y act\u00faa de manera coherente\u201d, declar\u00f3.<\/p><\/blockquote>\n<p>De esa manera, dijo que como coordinador de la mayor\u00eda le tocar\u00e1 hablar con todos los coordinadores parlamentarios y hacer el mejor esfuerzo para que la iniciativa quede aprobada.<\/p>\n<p>En ese sentido, Monreal \u00c1vila aclar\u00f3 que la propuesta presidencial\u00a0<strong>no se aprobar\u00e1<\/strong>\u00a0<strong>en fast track<\/strong>\u00a0y que respetar\u00e1n el proceso parlamentario.<\/p>\n<blockquote class=\"wp-block-quote is-layout-flow wp-block-quote-is-layout-flow\"><p>\u201cTendremos un espacio de varios d\u00edas para el dictamen y luego tendremos la posibilidad de discutirlo, de deliberarlo, el contenido de estas iniciativas en las comisiones en el plazo que la ley establece. No habr\u00e1 fast track, no habr\u00e1 ninguna decisi\u00f3n apresurada, sino lo que la ley se\u00f1ala y lo que acordemos los coordinadores en la\u00a0<strong>Junta de Coordinaci\u00f3n Pol\u00edtica<\/strong> a partir de ma\u00f1ana. Entonces, habr\u00e1 un debate racional, civilizado, sensato, serio sobre el contenido de la iniciativa presidencial\u201d, asegur\u00f3.<\/p><\/blockquote>\n<p>Dijo que la iniciativa se reduce a los 10 puntos presentados la semana pasada en la conferencia de prensa matutina, \u201clo de las integraci\u00f3n de las C\u00e1maras, lo de la Inteligencia Artificial, la participaci\u00f3n ciudadana, el inicio del c\u00f3mputo el mismo d\u00eda de la elecci\u00f3n y todos los temas y puntos que ya hemos se\u00f1alado en d\u00edas pasados \u2026 La autonom\u00eda del\u00a0<strong>INE\u00a0<\/strong>se asegura\u201d y asegur\u00f3 que el\u00a0<strong>PREP\u00a0<\/strong>no desaparecer\u00e1.<\/p>\n","protected":false},"excerpt":{"rendered":"<p>Por m\u00e1s de tres horas, la presidenta\u00a0Claudia Sheinbaum\u00a0estuvo reunida con los integrantes de la\u00a0Comisi\u00f3n Presidencial de la Reforma Electoral\u00a0y despu\u00e9s se sumaron los coordinadores parlamentarios de\u00a0Morena\u00a0y la dirigente nacional de ese partido,\u00a0Luisa Mar\u00eda Alcalde, para dar \u201clos toques finales\u201d a la iniciativa, que asegura,\u00a0Ricardo Monreal, enviar\u00e1 este\u00a0mi\u00e9rcoles al medio d\u00eda a\u00a0San L\u00e1zaro. \u201cSe estaban dando [&hellip;]<\/p>\n","protected":false},"author":2,"featured_media":247675,"comment_status":"closed","ping_status":"closed","sticky":false,"template":"","format":"standard","meta":{"footnotes":""},"categories":[12870,12868],"tags":[12865,12879],"class_list":["post-247674","post","type-post","status-publish","format-standard","has-post-thumbnail","hentry","category-destacadas","category-politica","tag-destacadas","tag-politica"],"jetpack_featured_media_url":"https:\/\/rnoticias.com.mx\/Portal\/wp-content\/uploads\/2026\/03\/whatsapp-image-2026-02-25-at-08-59-02.jpeg","amp_enabled":true,"_links":{"self":[{"href":"https:\/\/rnoticias.com.mx\/Portal\/wp-json\/wp\/v2\/posts\/247674","targetHints":{"allow":["GET"]}}],"collection":[{"href":"https:\/\/rnoticias.com.mx\/Portal\/wp-json\/wp\/v2\/posts"}],"about":[{"href":"https:\/\/rnoticias.com.mx\/Portal\/wp-json\/wp\/v2\/types\/post"}],"author":[{"embeddable":true,"href":"https:\/\/rnoticias.com.mx\/Portal\/wp-json\/wp\/v2\/users\/2"}],"replies":[{"embeddable":true,"href":"https:\/\/rnoticias.com.mx\/Portal\/wp-json\/wp\/v2\/comments?post=247674"}],"version-history":[{"count":1,"href":"https:\/\/rnoticias.com.mx\/Portal\/wp-json\/wp\/v2\/posts\/247674\/revisions"}],"predecessor-version":[{"id":247676,"href":"https:\/\/rnoticias.com.mx\/Portal\/wp-json\/wp\/v2\/posts\/247674\/revisions\/247676"}],"wp:featuredmedia":[{"embeddable":true,"href":"https:\/\/rnoticias.com.mx\/Portal\/wp-json\/wp\/v2\/media\/247675"}],"wp:attachment":[{"href":"https:\/\/rnoticias.com.mx\/Portal\/wp-json\/wp\/v2\/media?parent=247674"}],"wp:term":[{"taxonomy":"category","embeddable":true,"href":"https:\/\/rnoticias.com.mx\/Portal\/wp-json\/wp\/v2\/categories?post=247674"},{"taxonomy":"post_tag","embeddable":true,"href":"https:\/\/rnoticias.com.mx\/Portal\/wp-json\/wp\/v2\/tags?post=247674"}],"curies":[{"name":"wp","href":"https:\/\/api.w.org\/{rel}","templated":true}]}}