{"id":247671,"date":"2026-03-04T05:59:31","date_gmt":"2026-03-04T12:59:31","guid":{"rendered":"https:\/\/rnoticias.com.mx\/Portal\/?p=247671"},"modified":"2026-03-04T05:59:31","modified_gmt":"2026-03-04T12:59:31","slug":"en-un-mes-concluye-la-vacunacion-contra-influenza-covid-19-y-neumococo-en-sonora","status":"publish","type":"post","link":"https:\/\/rnoticias.com.mx\/Portal\/2026\/03\/04\/en-un-mes-concluye-la-vacunacion-contra-influenza-covid-19-y-neumococo-en-sonora\/","title":{"rendered":"En un mes concluye la vacunaci\u00f3n contra influenza, Covid-19 y neumococo en Sonora"},"content":{"rendered":"<p>Hermosillo, Sonora; 4 de marzo de 2026.\u2013 La Secretar\u00eda de Salud P\u00fablica (SSP) inform\u00f3 que el pr\u00f3ximo 3 de abril de 2026 concluye la campa\u00f1a de vacunaci\u00f3n contra enfermedades invernales correspondiente a la temporada 2025-2026, por lo que exhort\u00f3 a la poblaci\u00f3n a acudir a su unidad de salud antes de esa fecha.<\/p>\n<p>De acuerdo con Mar\u00eda Concepci\u00f3n F\u00e9lix Lares, responsable estatal del Programa de Vacunaci\u00f3n Universal, la estrategia se mantiene activa en todo el estado con el objetivo de proteger a la poblaci\u00f3n ante las enfermedades respiratorias propias de la temporada. La vacunaci\u00f3n reduce el riesgo de complicaciones graves, hospitalizaciones y defunciones, especialmente en los grupos con mayor vulnerabilidad.<\/p>\n<p>La vacunaci\u00f3n est\u00e1 dirigida principalmente a ni\u00f1as y ni\u00f1os de seis a 59 meses de edad; mujeres embarazadas; personas adultas mayores de 60 a\u00f1os; y personas con enfermedades cr\u00f3nicas o comorbilidades que incrementan el riesgo de enfermedad grave.<\/p>\n<p>\u201cEs la oportunidad para quienes a\u00fan no se han protegido. La vacuna es segura, gratuita y est\u00e1 disponible para todas y todos; acudir a tiempo puede marcar la diferencia para evitar complicaciones graves durante esta temporada\u201d, enfatiz\u00f3 la\u00a0responsable estatal del Programa de Vacunaci\u00f3n Universal.<\/p>\n<p>Las vacunas est\u00e1n disponibles en unidades y centros de salud, as\u00ed como en hospitales y m\u00f3dulos instalados en distintos puntos, as\u00ed como en las Cl\u00ednicas M\u00f3viles de Medicina Preventiva, mismas que acuden a distintos puntos de la entidad.<\/p>\n<p>La SSP reiter\u00f3 el llamado a no dejar pasar la fecha l\u00edmite del 3 de abril, ya que la vacunaci\u00f3n es la medida m\u00e1s eficaz para reducir complicaciones, hospitalizaciones y defunciones asociadas a enfermedades respiratorias durante la temporada invernal.<\/p>\n","protected":false},"excerpt":{"rendered":"<p>Hermosillo, Sonora; 4 de marzo de 2026.\u2013 La Secretar\u00eda de Salud P\u00fablica (SSP) inform\u00f3 que el pr\u00f3ximo 3 de abril de 2026 concluye la campa\u00f1a de vacunaci\u00f3n contra enfermedades invernales correspondiente a la temporada 2025-2026, por lo que exhort\u00f3 a la poblaci\u00f3n a acudir a su unidad de salud antes de esa fecha. De acuerdo [&hellip;]<\/p>\n","protected":false},"author":2,"featured_media":247672,"comment_status":"closed","ping_status":"closed","sticky":false,"template":"","format":"standard","meta":{"footnotes":""},"categories":[12870,178],"tags":[12865,12869],"class_list":["post-247671","post","type-post","status-publish","format-standard","has-post-thumbnail","hentry","category-destacadas","category-local","tag-destacadas","tag-local"],"jetpack_featured_media_url":"https:\/\/rnoticias.com.mx\/Portal\/wp-content\/uploads\/2026\/03\/unnamed-11.jpg","amp_enabled":true,"_links":{"self":[{"href":"https:\/\/rnoticias.com.mx\/Portal\/wp-json\/wp\/v2\/posts\/247671","targetHints":{"allow":["GET"]}}],"collection":[{"href":"https:\/\/rnoticias.com.mx\/Portal\/wp-json\/wp\/v2\/posts"}],"about":[{"href":"https:\/\/rnoticias.com.mx\/Portal\/wp-json\/wp\/v2\/types\/post"}],"author":[{"embeddable":true,"href":"https:\/\/rnoticias.com.mx\/Portal\/wp-json\/wp\/v2\/users\/2"}],"replies":[{"embeddable":true,"href":"https:\/\/rnoticias.com.mx\/Portal\/wp-json\/wp\/v2\/comments?post=247671"}],"version-history":[{"count":1,"href":"https:\/\/rnoticias.com.mx\/Portal\/wp-json\/wp\/v2\/posts\/247671\/revisions"}],"predecessor-version":[{"id":247673,"href":"https:\/\/rnoticias.com.mx\/Portal\/wp-json\/wp\/v2\/posts\/247671\/revisions\/247673"}],"wp:featuredmedia":[{"embeddable":true,"href":"https:\/\/rnoticias.com.mx\/Portal\/wp-json\/wp\/v2\/media\/247672"}],"wp:attachment":[{"href":"https:\/\/rnoticias.com.mx\/Portal\/wp-json\/wp\/v2\/media?parent=247671"}],"wp:term":[{"taxonomy":"category","embeddable":true,"href":"https:\/\/rnoticias.com.mx\/Portal\/wp-json\/wp\/v2\/categories?post=247671"},{"taxonomy":"post_tag","embeddable":true,"href":"https:\/\/rnoticias.com.mx\/Portal\/wp-json\/wp\/v2\/tags?post=247671"}],"curies":[{"name":"wp","href":"https:\/\/api.w.org\/{rel}","templated":true}]}}