{"id":247266,"date":"2026-02-28T13:28:09","date_gmt":"2026-02-28T20:28:09","guid":{"rendered":"https:\/\/rnoticias.com.mx\/Portal\/?p=247266"},"modified":"2026-02-28T13:28:09","modified_gmt":"2026-02-28T20:28:09","slug":"fgjes-formula-imputacion-a-el-meno-por-maltrato-animal-con-resultado-de-muerte-en-hermosillo","status":"publish","type":"post","link":"https:\/\/rnoticias.com.mx\/Portal\/2026\/02\/28\/fgjes-formula-imputacion-a-el-meno-por-maltrato-animal-con-resultado-de-muerte-en-hermosillo\/","title":{"rendered":"FGJES formula imputaci\u00f3n a \u201cEl Me\u00f1o\u201d por maltrato animal con resultado de muerte en Hermosillo"},"content":{"rendered":"<p>Hermosillo, Sonora, 28\u00a0 de febrero de 2026.- La Fiscal\u00eda General de Justicia del Estado de Sonora (FGJES), a trav\u00e9s de la Agencia Especializada en Delitos en Contra de los Animales por Actos de Maltrato y\/o Crueldad, formul\u00f3 imputaci\u00f3n en contra de Manuel \u201cN\u201d, alias \u201cEl Me\u00f1o\u201d, de 42 a\u00f1os, por su probable responsabilidad en el delito contra los animales por actos de maltrato o crueldad con resultado de muerte de un canino, en Hermosillo.<\/p>\n<p>En audiencia inicial, celebrada tras la ejecuci\u00f3n de orden de aprehensi\u00f3n, el Agente del Ministerio P\u00fablico expuso los datos de prueba que sustentan la imputaci\u00f3n, mientras que la defensa solicit\u00f3 la ampliaci\u00f3n del t\u00e9rmino constitucional para que se resuelva la situaci\u00f3n jur\u00eddica del imputado.<\/p>\n<p>El Juez impuso como medida cautelar la prisi\u00f3n preventiva; no obstante, derivado de la promoci\u00f3n de un juicio de amparo, se concedi\u00f3 que el imputado enfrente el proceso en libertad, bajo las condiciones que determine la autoridad judicial competente.<\/p>\n<p>La orden de aprehensi\u00f3n fue cumplimentada por elementos de la Agencia Ministerial de Investigaci\u00f3n Criminal (AMIC) el pasado 25 de febrero en la colonia Olivares, por hechos cometidos en perjuicio de un canino color caf\u00e9 con blanco y de la sociedad.<\/p>\n<p>De acuerdo con la carpeta de investigaci\u00f3n, el 6 de enero de 2026, en la calle Sebasti\u00e1n Lerdo de Tejada, frente a un domicilio en la colonia Los Jardines, el imputado presuntamente agredi\u00f3 de manera reiterada con un tubo met\u00e1lico a un canino de raza criolla, tama\u00f1o grande, color caf\u00e9 con blanco.<\/p>\n<p>Testigos presenciales alertaron a las autoridades sobre la agresi\u00f3n. El animal de compa\u00f1\u00eda fue atendido por un m\u00e9dico veterinario, quien document\u00f3 lesiones graves en oreja, cr\u00e1neo y mand\u00edbula, as\u00ed como m\u00faltiples heridas y perforaciones en el canal auditivo; a pesar de la atenci\u00f3n m\u00e9dica brindada, el canino falleci\u00f3 el 15 de enero.<\/p>\n<p>El dictamen pericial emitido por especialista de la FGJES estableci\u00f3 la existencia de lesiones extensas, necrosis e infecci\u00f3n cr\u00f3nica degenerativa, concluyendo que la causa de muerte fue directa consecuencia de los golpes recibidos.<\/p>\n<p>Esta representaci\u00f3n social continuar\u00e1 con la integraci\u00f3n s\u00f3lida de la carpeta de investigaci\u00f3n y el seguimiento puntual del proceso penal, con el objetivo de que este hecho no quede impune y se aplique la ley con firmeza, objetividad y respeto irrestricto al debido proceso.<\/p>\n<p>La Fiscal\u00eda General de Justicia del Estado de Sonora reitera que el maltrato y la crueldad animal constituyen conductas delictivas que lesionan no solo a los animales, sino tambi\u00e9n los valores y la convivencia social.<\/p>\n","protected":false},"excerpt":{"rendered":"<p>Hermosillo, Sonora, 28\u00a0 de febrero de 2026.- La Fiscal\u00eda General de Justicia del Estado de Sonora (FGJES), a trav\u00e9s de la Agencia Especializada en Delitos en Contra de los Animales por Actos de Maltrato y\/o Crueldad, formul\u00f3 imputaci\u00f3n en contra de Manuel \u201cN\u201d, alias \u201cEl Me\u00f1o\u201d, de 42 a\u00f1os, por su probable responsabilidad en el [&hellip;]<\/p>\n","protected":false},"author":2,"featured_media":247267,"comment_status":"closed","ping_status":"closed","sticky":false,"template":"","format":"standard","meta":{"footnotes":""},"categories":[12870,178],"tags":[12865,12869],"class_list":["post-247266","post","type-post","status-publish","format-standard","has-post-thumbnail","hentry","category-destacadas","category-local","tag-destacadas","tag-local"],"jetpack_featured_media_url":"https:\/\/rnoticias.com.mx\/Portal\/wp-content\/uploads\/2026\/02\/77-3.jpg","amp_enabled":true,"_links":{"self":[{"href":"https:\/\/rnoticias.com.mx\/Portal\/wp-json\/wp\/v2\/posts\/247266","targetHints":{"allow":["GET"]}}],"collection":[{"href":"https:\/\/rnoticias.com.mx\/Portal\/wp-json\/wp\/v2\/posts"}],"about":[{"href":"https:\/\/rnoticias.com.mx\/Portal\/wp-json\/wp\/v2\/types\/post"}],"author":[{"embeddable":true,"href":"https:\/\/rnoticias.com.mx\/Portal\/wp-json\/wp\/v2\/users\/2"}],"replies":[{"embeddable":true,"href":"https:\/\/rnoticias.com.mx\/Portal\/wp-json\/wp\/v2\/comments?post=247266"}],"version-history":[{"count":1,"href":"https:\/\/rnoticias.com.mx\/Portal\/wp-json\/wp\/v2\/posts\/247266\/revisions"}],"predecessor-version":[{"id":247268,"href":"https:\/\/rnoticias.com.mx\/Portal\/wp-json\/wp\/v2\/posts\/247266\/revisions\/247268"}],"wp:featuredmedia":[{"embeddable":true,"href":"https:\/\/rnoticias.com.mx\/Portal\/wp-json\/wp\/v2\/media\/247267"}],"wp:attachment":[{"href":"https:\/\/rnoticias.com.mx\/Portal\/wp-json\/wp\/v2\/media?parent=247266"}],"wp:term":[{"taxonomy":"category","embeddable":true,"href":"https:\/\/rnoticias.com.mx\/Portal\/wp-json\/wp\/v2\/categories?post=247266"},{"taxonomy":"post_tag","embeddable":true,"href":"https:\/\/rnoticias.com.mx\/Portal\/wp-json\/wp\/v2\/tags?post=247266"}],"curies":[{"name":"wp","href":"https:\/\/api.w.org\/{rel}","templated":true}]}}