{"id":247260,"date":"2026-02-28T13:25:40","date_gmt":"2026-02-28T20:25:40","guid":{"rendered":"https:\/\/rnoticias.com.mx\/Portal\/?p=247260"},"modified":"2026-02-28T13:25:40","modified_gmt":"2026-02-28T20:25:40","slug":"vinculan-a-proceso-a-dos-imputados-por-lesiones-en-hermosillo-fgjes","status":"publish","type":"post","link":"https:\/\/rnoticias.com.mx\/Portal\/2026\/02\/28\/vinculan-a-proceso-a-dos-imputados-por-lesiones-en-hermosillo-fgjes\/","title":{"rendered":"Vinculan a proceso a dos imputados por lesiones en Hermosillo: FGJES"},"content":{"rendered":"<p>Hermosillo, Sonora, 28 de febrero de 2026.- La Fiscal\u00eda General de Justicia del Estado de Sonora (FGJES) obtuvo la vinculaci\u00f3n a proceso de Eduardo \u201cN\u201d, de 33 a\u00f1os, y Mois\u00e9s Aar\u00f3n \u201cN\u201d, de 34, por su probable responsabilidad en el delito de lesiones calificadas con premeditaci\u00f3n y ventaja, cometido en agravio de un hombre de 28 a\u00f1os de edad en Hermosillo.<\/p>\n<p>La orden de aprehensi\u00f3n fue ejecutada el pasado 26 de febrero y, en audiencia inicial, el Agente del Ministerio P\u00fablico formul\u00f3 imputaci\u00f3n y present\u00f3 los datos de prueba correspondientes, tras lo cual el Juez resolvi\u00f3 vincular a proceso a ambos sujetos.<\/p>\n<p>Adem\u00e1s, el \u00f3rgano jurisdiccional impuso la medida cautelar de prisi\u00f3n preventiva justificada, al considerar la existencia de riesgo para la v\u00edctima y testigos.<\/p>\n<p>Los hechos ocurrieron la noche del pasado 24 de febrero, cuando los imputados, establecen los datos de prueba, interceptaron a la v\u00edctima en el bulevar Progreso y Sierra de las Huertas, en la colonia Solidaridad.<\/p>\n<p>Eduardo \u201cN\u201d inici\u00f3 la agresi\u00f3n golpeando a la v\u00edctima con un tubo galvanizado; pese a que la v\u00edctima intent\u00f3 huir, fue alcanzada y continu\u00f3 siendo agredida mientras el diverso copart\u00edcipe lo golpeaba con patadas cuando ya se encontraba en el suelo y desarmado.<\/p>\n<p>La agresi\u00f3n fue detenida por la intervenci\u00f3n de terceras personas, quienes lograron separar a los agresores, evitando que continuara el ataque; como resultado, la v\u00edctima present\u00f3 lesiones que tardan m\u00e1s de 15 d\u00edas en sanar y no ponen en peligro la vida.<\/p>\n<p>La Fiscal\u00eda General de Justicia del Estado de Sonora refrenda su compromiso de investigar con rigor t\u00e9cnico y proteger la integridad de las v\u00edctimas, garantizando que los responsables enfrenten la acci\u00f3n de la justicia conforme a Derecho.<\/p>\n","protected":false},"excerpt":{"rendered":"<p>Hermosillo, Sonora, 28 de febrero de 2026.- La Fiscal\u00eda General de Justicia del Estado de Sonora (FGJES) obtuvo la vinculaci\u00f3n a proceso de Eduardo \u201cN\u201d, de 33 a\u00f1os, y Mois\u00e9s Aar\u00f3n \u201cN\u201d, de 34, por su probable responsabilidad en el delito de lesiones calificadas con premeditaci\u00f3n y ventaja, cometido en agravio de un hombre de [&hellip;]<\/p>\n","protected":false},"author":2,"featured_media":247261,"comment_status":"closed","ping_status":"closed","sticky":false,"template":"","format":"standard","meta":{"footnotes":""},"categories":[178],"tags":[12869],"class_list":["post-247260","post","type-post","status-publish","format-standard","has-post-thumbnail","hentry","category-local","tag-local"],"jetpack_featured_media_url":"https:\/\/rnoticias.com.mx\/Portal\/wp-content\/uploads\/2026\/02\/34-1.jpg","amp_enabled":true,"_links":{"self":[{"href":"https:\/\/rnoticias.com.mx\/Portal\/wp-json\/wp\/v2\/posts\/247260","targetHints":{"allow":["GET"]}}],"collection":[{"href":"https:\/\/rnoticias.com.mx\/Portal\/wp-json\/wp\/v2\/posts"}],"about":[{"href":"https:\/\/rnoticias.com.mx\/Portal\/wp-json\/wp\/v2\/types\/post"}],"author":[{"embeddable":true,"href":"https:\/\/rnoticias.com.mx\/Portal\/wp-json\/wp\/v2\/users\/2"}],"replies":[{"embeddable":true,"href":"https:\/\/rnoticias.com.mx\/Portal\/wp-json\/wp\/v2\/comments?post=247260"}],"version-history":[{"count":1,"href":"https:\/\/rnoticias.com.mx\/Portal\/wp-json\/wp\/v2\/posts\/247260\/revisions"}],"predecessor-version":[{"id":247262,"href":"https:\/\/rnoticias.com.mx\/Portal\/wp-json\/wp\/v2\/posts\/247260\/revisions\/247262"}],"wp:featuredmedia":[{"embeddable":true,"href":"https:\/\/rnoticias.com.mx\/Portal\/wp-json\/wp\/v2\/media\/247261"}],"wp:attachment":[{"href":"https:\/\/rnoticias.com.mx\/Portal\/wp-json\/wp\/v2\/media?parent=247260"}],"wp:term":[{"taxonomy":"category","embeddable":true,"href":"https:\/\/rnoticias.com.mx\/Portal\/wp-json\/wp\/v2\/categories?post=247260"},{"taxonomy":"post_tag","embeddable":true,"href":"https:\/\/rnoticias.com.mx\/Portal\/wp-json\/wp\/v2\/tags?post=247260"}],"curies":[{"name":"wp","href":"https:\/\/api.w.org\/{rel}","templated":true}]}}