{"id":247254,"date":"2026-02-28T13:23:37","date_gmt":"2026-02-28T20:23:37","guid":{"rendered":"https:\/\/rnoticias.com.mx\/Portal\/?p=247254"},"modified":"2026-02-28T13:23:37","modified_gmt":"2026-02-28T20:23:37","slug":"ejecuta-fgjes-orden-de-aprehension-por-homicidio-calificado-en-grado-de-tentativa-en-perjuicio-de-dos-personas-en-cajeme","status":"publish","type":"post","link":"https:\/\/rnoticias.com.mx\/Portal\/2026\/02\/28\/ejecuta-fgjes-orden-de-aprehension-por-homicidio-calificado-en-grado-de-tentativa-en-perjuicio-de-dos-personas-en-cajeme\/","title":{"rendered":"Ejecuta FGJES orden de aprehensi\u00f3n por homicidio calificado en grado de tentativa en perjuicio de dos personas en Cajeme"},"content":{"rendered":"<p>Cajeme, Sonora, 28 de febrero de 2026.- La Fiscal\u00eda General de Justicia del Estado de Sonora (FGJES) ejecut\u00f3 orden de aprehensi\u00f3n en contra de Juan de Dios &#8220;N&#8221;, de 27 a\u00f1os de edad, por su probable responsabilidad en el delito de homicidio calificado con premeditaci\u00f3n, alevos\u00eda y ventaja, en grado de tentativa, en n\u00famero de dos, en perjuicio de dos hombres en Cajeme.<\/p>\n<p>De acuerdo con la carpeta de investigaci\u00f3n, los acontecimientos se registraron el 31 de agosto de 2025, aproximadamente a las 05:00 horas, cuando las v\u00edctimas se encontraban en un domicilio ubicado en la colonia Primero de Mayo.<\/p>\n<p>En ese momento arrib\u00f3 el hoy detenido en compa\u00f1\u00eda de diversos sujetos, iniciando una ri\u00f1a y presuntamente incitando al menos a dos personas m\u00e1s a agredir f\u00edsicamente a los ofendidos, quienes resultaron con lesiones de consideraci\u00f3n que pusieron en riesgo su vida, siendo trasladados a un nosocomio para recibir atenci\u00f3n m\u00e9dica especializada.<\/p>\n<p>La diligencia judicial fue cumplimentada el d\u00eda 21 de febrero de 2026 en la intersecci\u00f3n de calle Jalisco y esquina Yaqui, colonia Norte.<\/p>\n<p>La imputaci\u00f3n formulada por el Ministerio P\u00fablico establece que la agresi\u00f3n fue ejecutada bajo circunstancias que actualizan las calificativas de premeditaci\u00f3n, alevos\u00eda y ventaja, al haberse desplegado de manera coordinada y en condiciones que disminuyeron la posibilidad de defensa de las v\u00edctimas.<\/p>\n<p>Una vez cumplimentada la orden de aprehensi\u00f3n, el imputado fue certificado m\u00e9dicamente e internado en el Centro de Reinserci\u00f3n Social (CERESO) de esta ciudad, donde qued\u00f3 a disposici\u00f3n del Juez correspondiente para la celebraci\u00f3n de la audiencia inicial y la determinaci\u00f3n de su situaci\u00f3n jur\u00eddica.<\/p>\n<p>La Fiscal\u00eda General de Justicia del Estado de Sonora reafirma su compromiso institucional con la investigaci\u00f3n y persecuci\u00f3n eficaz de los delitos que atentan contra la vida y la integridad de las personas, actuando con estricto apego a la legalidad, el debido proceso y el respeto a los derechos humanos.<\/p>\n","protected":false},"excerpt":{"rendered":"<p>Cajeme, Sonora, 28 de febrero de 2026.- La Fiscal\u00eda General de Justicia del Estado de Sonora (FGJES) ejecut\u00f3 orden de aprehensi\u00f3n en contra de Juan de Dios &#8220;N&#8221;, de 27 a\u00f1os de edad, por su probable responsabilidad en el delito de homicidio calificado con premeditaci\u00f3n, alevos\u00eda y ventaja, en grado de tentativa, en n\u00famero de [&hellip;]<\/p>\n","protected":false},"author":2,"featured_media":247255,"comment_status":"closed","ping_status":"closed","sticky":false,"template":"","format":"standard","meta":{"footnotes":""},"categories":[174],"tags":[12873],"class_list":["post-247254","post","type-post","status-publish","format-standard","has-post-thumbnail","hentry","category-estatal","tag-estatal"],"jetpack_featured_media_url":"https:\/\/rnoticias.com.mx\/Portal\/wp-content\/uploads\/2026\/02\/94.jpg","amp_enabled":true,"_links":{"self":[{"href":"https:\/\/rnoticias.com.mx\/Portal\/wp-json\/wp\/v2\/posts\/247254","targetHints":{"allow":["GET"]}}],"collection":[{"href":"https:\/\/rnoticias.com.mx\/Portal\/wp-json\/wp\/v2\/posts"}],"about":[{"href":"https:\/\/rnoticias.com.mx\/Portal\/wp-json\/wp\/v2\/types\/post"}],"author":[{"embeddable":true,"href":"https:\/\/rnoticias.com.mx\/Portal\/wp-json\/wp\/v2\/users\/2"}],"replies":[{"embeddable":true,"href":"https:\/\/rnoticias.com.mx\/Portal\/wp-json\/wp\/v2\/comments?post=247254"}],"version-history":[{"count":1,"href":"https:\/\/rnoticias.com.mx\/Portal\/wp-json\/wp\/v2\/posts\/247254\/revisions"}],"predecessor-version":[{"id":247256,"href":"https:\/\/rnoticias.com.mx\/Portal\/wp-json\/wp\/v2\/posts\/247254\/revisions\/247256"}],"wp:featuredmedia":[{"embeddable":true,"href":"https:\/\/rnoticias.com.mx\/Portal\/wp-json\/wp\/v2\/media\/247255"}],"wp:attachment":[{"href":"https:\/\/rnoticias.com.mx\/Portal\/wp-json\/wp\/v2\/media?parent=247254"}],"wp:term":[{"taxonomy":"category","embeddable":true,"href":"https:\/\/rnoticias.com.mx\/Portal\/wp-json\/wp\/v2\/categories?post=247254"},{"taxonomy":"post_tag","embeddable":true,"href":"https:\/\/rnoticias.com.mx\/Portal\/wp-json\/wp\/v2\/tags?post=247254"}],"curies":[{"name":"wp","href":"https:\/\/api.w.org\/{rel}","templated":true}]}}