{"id":247251,"date":"2026-02-28T13:23:03","date_gmt":"2026-02-28T20:23:03","guid":{"rendered":"https:\/\/rnoticias.com.mx\/Portal\/?p=247251"},"modified":"2026-02-28T13:23:03","modified_gmt":"2026-02-28T20:23:03","slug":"captura-amic-a-implicado-en-tentativa-de-homicidio-en-san-luis-rio-colorado","status":"publish","type":"post","link":"https:\/\/rnoticias.com.mx\/Portal\/2026\/02\/28\/captura-amic-a-implicado-en-tentativa-de-homicidio-en-san-luis-rio-colorado\/","title":{"rendered":"Captura AMIC a implicado en tentativa de homicidio en San Luis R\u00edo Colorado"},"content":{"rendered":"<p>San Luis R\u00edo Colorado, Sonora, 28 de febrero de 2026.- Como resultado de labores de investigaci\u00f3n y seguimiento ministerial, la Agencia Ministerial de Investigaci\u00f3n Criminal (AMIC) ejecut\u00f3 orden de aprehensi\u00f3n en contra de Daniel Armando \u201cN\u201d, de 33 a\u00f1os, por su probable responsabilidad en el delito de tentativa de homicidio calificado, en San Luis R\u00edo Colorado.<\/p>\n<p>Los hechos que se le imputan se suscitaron el 27 de diciembre de 2025, en la colonia Solidaridad, cuando presuntamente agredi\u00f3 con objeto punzocortante a un hombre de 51 a\u00f1os, caus\u00e1ndole heridas penetrantes en la espalda y el abdomen.<\/p>\n<p>De acuerdo con las investigaciones, la agresi\u00f3n se habr\u00eda derivado de una ri\u00f1a motivada por conflictos personales y se\u00f1alamientos mutuos relacionados con presuntas acusaciones de robo entre ambas partes.<\/p>\n<p>Tras su localizaci\u00f3n, el imputado, originario de Los Mochis, Sinaloa, fue puesto a disposici\u00f3n del Juez correspondiente, quien definir\u00e1 su situaci\u00f3n jur\u00eddica en audiencia inicial conforme a los plazos constitucionales.<\/p>\n<p>La Fiscal\u00eda General de Justicia del Estado de Sonora (FGJES) reafirma su compromiso de investigar con rigor t\u00e9cnico y actuar con firmeza ante conductas que atenten contra la vida e integridad de las personas, garantizando el acceso a la justicia con estricto apego a la legalidad.<\/p>\n","protected":false},"excerpt":{"rendered":"<p>San Luis R\u00edo Colorado, Sonora, 28 de febrero de 2026.- Como resultado de labores de investigaci\u00f3n y seguimiento ministerial, la Agencia Ministerial de Investigaci\u00f3n Criminal (AMIC) ejecut\u00f3 orden de aprehensi\u00f3n en contra de Daniel Armando \u201cN\u201d, de 33 a\u00f1os, por su probable responsabilidad en el delito de tentativa de homicidio calificado, en San Luis R\u00edo [&hellip;]<\/p>\n","protected":false},"author":2,"featured_media":247252,"comment_status":"closed","ping_status":"closed","sticky":false,"template":"","format":"standard","meta":{"footnotes":""},"categories":[174],"tags":[12873],"class_list":["post-247251","post","type-post","status-publish","format-standard","has-post-thumbnail","hentry","category-estatal","tag-estatal"],"jetpack_featured_media_url":"https:\/\/rnoticias.com.mx\/Portal\/wp-content\/uploads\/2026\/02\/92-1.jpg","amp_enabled":true,"_links":{"self":[{"href":"https:\/\/rnoticias.com.mx\/Portal\/wp-json\/wp\/v2\/posts\/247251","targetHints":{"allow":["GET"]}}],"collection":[{"href":"https:\/\/rnoticias.com.mx\/Portal\/wp-json\/wp\/v2\/posts"}],"about":[{"href":"https:\/\/rnoticias.com.mx\/Portal\/wp-json\/wp\/v2\/types\/post"}],"author":[{"embeddable":true,"href":"https:\/\/rnoticias.com.mx\/Portal\/wp-json\/wp\/v2\/users\/2"}],"replies":[{"embeddable":true,"href":"https:\/\/rnoticias.com.mx\/Portal\/wp-json\/wp\/v2\/comments?post=247251"}],"version-history":[{"count":1,"href":"https:\/\/rnoticias.com.mx\/Portal\/wp-json\/wp\/v2\/posts\/247251\/revisions"}],"predecessor-version":[{"id":247253,"href":"https:\/\/rnoticias.com.mx\/Portal\/wp-json\/wp\/v2\/posts\/247251\/revisions\/247253"}],"wp:featuredmedia":[{"embeddable":true,"href":"https:\/\/rnoticias.com.mx\/Portal\/wp-json\/wp\/v2\/media\/247252"}],"wp:attachment":[{"href":"https:\/\/rnoticias.com.mx\/Portal\/wp-json\/wp\/v2\/media?parent=247251"}],"wp:term":[{"taxonomy":"category","embeddable":true,"href":"https:\/\/rnoticias.com.mx\/Portal\/wp-json\/wp\/v2\/categories?post=247251"},{"taxonomy":"post_tag","embeddable":true,"href":"https:\/\/rnoticias.com.mx\/Portal\/wp-json\/wp\/v2\/tags?post=247251"}],"curies":[{"name":"wp","href":"https:\/\/api.w.org\/{rel}","templated":true}]}}