{"id":247217,"date":"2026-02-28T11:49:27","date_gmt":"2026-02-28T18:49:27","guid":{"rendered":"https:\/\/rnoticias.com.mx\/Portal\/?p=247217"},"modified":"2026-02-28T11:49:27","modified_gmt":"2026-02-28T18:49:27","slug":"impulsa-gobierno-de-sonora-inclusion-laboral-para-personas-con-discapacidad-y-fortalece-espacios-de-capacitacion-productiva","status":"publish","type":"post","link":"https:\/\/rnoticias.com.mx\/Portal\/2026\/02\/28\/impulsa-gobierno-de-sonora-inclusion-laboral-para-personas-con-discapacidad-y-fortalece-espacios-de-capacitacion-productiva\/","title":{"rendered":"Impulsa Gobierno de Sonora inclusi\u00f3n laboral para personas con discapacidad y fortalece espacios de capacitaci\u00f3n productiva"},"content":{"rendered":"<p>Hermosillo, Sonora; 28 de febrero de 2026.\u2013 Con el firme compromiso de construir una sociedad m\u00e1s incluyente, el Gobierno de Sonora, a trav\u00e9s del Sistema DIF Sonora, convoca a empresas sonorenses a sumarse a una cultura laboral que brinde oportunidades reales de empleo, crecimiento y desarrollo profesional a personas con discapacidad.<\/p>\n<p>La directora general de DIF Sonora, Lizeth V\u00e1squez Ochoa, destac\u00f3 la importancia de generar alianzas estrat\u00e9gicas con el sector empresarial para abrir espacios dignos y accesibles, e invit\u00f3 a empresarias y empresarios a acercarse a la Direcci\u00f3n de Atenci\u00f3n a Personas con Discapacidad, al Centro Manos a la Vida y a la Procuradur\u00eda de la Defensa del Adulto Mayor (Prodeama), a fin de impulsar acciones coordinadas que permitan que la inclusi\u00f3n sea una realidad expansiva en el estado.<\/p>\n<p>Como parte de estas acciones, estudiantes del Centro de Capacitaci\u00f3n Ocupacional Centro Manos a la Vida invitaron a la ciudadan\u00eda a asistir al bazar que se llevar\u00e1 a cabo el viernes 27 de febrero, de 4:00 a 9:00 de la tarde, en el foro al aire libre del Bosque Urbano La Sauceda, donde ofrecer\u00e1n art\u00edculos elaborados por ellos mismos, resultado de su proceso de formaci\u00f3n y desarrollo de habilidades.<\/p>\n<p>A trav\u00e9s de estos espacios se promueve la autonom\u00eda, el fortalecimiento de competencias laborales y la sensibilizaci\u00f3n social sobre el valor de la inclusi\u00f3n, impulsando la participaci\u00f3n activa de las personas con discapacidad en la vida econ\u00f3mica y social de Sonora.<\/p>\n","protected":false},"excerpt":{"rendered":"<p>Hermosillo, Sonora; 28 de febrero de 2026.\u2013 Con el firme compromiso de construir una sociedad m\u00e1s incluyente, el Gobierno de Sonora, a trav\u00e9s del Sistema DIF Sonora, convoca a empresas sonorenses a sumarse a una cultura laboral que brinde oportunidades reales de empleo, crecimiento y desarrollo profesional a personas con discapacidad. La directora general de [&hellip;]<\/p>\n","protected":false},"author":2,"featured_media":247218,"comment_status":"closed","ping_status":"closed","sticky":false,"template":"","format":"standard","meta":{"footnotes":""},"categories":[12870,178],"tags":[12865,12869],"class_list":["post-247217","post","type-post","status-publish","format-standard","has-post-thumbnail","hentry","category-destacadas","category-local","tag-destacadas","tag-local"],"jetpack_featured_media_url":"https:\/\/rnoticias.com.mx\/Portal\/wp-content\/uploads\/2026\/02\/unnamed-84.jpg","amp_enabled":true,"_links":{"self":[{"href":"https:\/\/rnoticias.com.mx\/Portal\/wp-json\/wp\/v2\/posts\/247217","targetHints":{"allow":["GET"]}}],"collection":[{"href":"https:\/\/rnoticias.com.mx\/Portal\/wp-json\/wp\/v2\/posts"}],"about":[{"href":"https:\/\/rnoticias.com.mx\/Portal\/wp-json\/wp\/v2\/types\/post"}],"author":[{"embeddable":true,"href":"https:\/\/rnoticias.com.mx\/Portal\/wp-json\/wp\/v2\/users\/2"}],"replies":[{"embeddable":true,"href":"https:\/\/rnoticias.com.mx\/Portal\/wp-json\/wp\/v2\/comments?post=247217"}],"version-history":[{"count":1,"href":"https:\/\/rnoticias.com.mx\/Portal\/wp-json\/wp\/v2\/posts\/247217\/revisions"}],"predecessor-version":[{"id":247219,"href":"https:\/\/rnoticias.com.mx\/Portal\/wp-json\/wp\/v2\/posts\/247217\/revisions\/247219"}],"wp:featuredmedia":[{"embeddable":true,"href":"https:\/\/rnoticias.com.mx\/Portal\/wp-json\/wp\/v2\/media\/247218"}],"wp:attachment":[{"href":"https:\/\/rnoticias.com.mx\/Portal\/wp-json\/wp\/v2\/media?parent=247217"}],"wp:term":[{"taxonomy":"category","embeddable":true,"href":"https:\/\/rnoticias.com.mx\/Portal\/wp-json\/wp\/v2\/categories?post=247217"},{"taxonomy":"post_tag","embeddable":true,"href":"https:\/\/rnoticias.com.mx\/Portal\/wp-json\/wp\/v2\/tags?post=247217"}],"curies":[{"name":"wp","href":"https:\/\/api.w.org\/{rel}","templated":true}]}}