{"id":247167,"date":"2026-02-27T21:07:02","date_gmt":"2026-02-28T04:07:02","guid":{"rendered":"https:\/\/rnoticias.com.mx\/Portal\/?p=247167"},"modified":"2026-02-27T21:07:02","modified_gmt":"2026-02-28T04:07:02","slug":"llama-gobierno-de-hermosillo-a-reforzar-medidas-preventivas-ante-inusual-calor-para-esta-temporada","status":"publish","type":"post","link":"https:\/\/rnoticias.com.mx\/Portal\/2026\/02\/27\/llama-gobierno-de-hermosillo-a-reforzar-medidas-preventivas-ante-inusual-calor-para-esta-temporada\/","title":{"rendered":"Llama Gobierno de Hermosillo a reforzar medidas preventivas ante inusual calor para esta temporada"},"content":{"rendered":"<p><b data-olk-copy-source=\"MessageBody\">Hermosillo, Sonora, 27 febrero, 2026.-<\/b>Ante el registro de 41 grados de temperatura este jueves, inusual para la temporada de invierno, la Direcci\u00f3n General de Salud P\u00fablica del Ayuntamiento de Hermosillo hace un llamado a la ciudadan\u00eda a reforzar las medidas preventivas.<\/p>\n<p>Luis Becerra Hurtado, titular de la dependencia explic\u00f3 que el calor excesivo incrementa el riesgo de deshidrataci\u00f3n, especialmente en ni\u00f1as, ni\u00f1os, personas adultas mayores y personas con enfermedades cr\u00f3nicas.<\/p>\n<p>\u201cAunque nos encontramos en la etapa final del invierno, estamos experimentando temperaturas elevadas que pueden afectar la salud de la poblaci\u00f3n. Es fundamental mantener una adecuada hidrataci\u00f3n, consumir alimentos en buen estado y reforzar el lavado de manos para prevenir enfermedades que pueden complicarse si no se atienden oportunamente\u201d, precis\u00f3.<\/p>\n<p>Reiter\u00f3 que las altas temperaturas favorecen la r\u00e1pida descomposici\u00f3n de los alimentos y la proliferaci\u00f3n de bacterias, virus y par\u00e1sitos que pueden provocar Enfermedades Diarreicas Agudas (EDA).<\/p>\n<p>Becerra Hurtado exhort\u00f3 a la poblaci\u00f3n a acudir a su unidad de salud m\u00e1s cercana ante cualquier s\u00edntoma y evitar la automedicaci\u00f3n, ya que una atenci\u00f3n oportuna puede prevenir complicaciones mayores.<\/p>\n<p>El Ayuntamiento de Hermosillo reitera su compromiso con la protecci\u00f3n de la salud de las y los hermosillenses e invita a mantenerse informados a trav\u00e9s de los canales oficiales.<br \/>\n<b><br \/>\nMedidas preventivas recomendadas:<\/b><br \/>\n-Consumir agua hervida, clorada o purificada.<br \/>\n-Tomar Vida Suero Oral ante los primeros signos de diarrea.<br \/>\n-Lavarse las manos antes de preparar alimentos y despu\u00e9s de ir al ba\u00f1o o cambiar pa\u00f1ales.<br \/>\n-Lavar y desinfectar frutas y verduras.<br \/>\n-Consumir alimentos bien cocidos y evitar productos en mal estado.<br \/>\n-Mantener los alimentos refrigerados.<br \/>\n-Evitar la automedicaci\u00f3n.<\/p>\n<p><b>Se\u00f1ales de deshidrataci\u00f3n a vigilar:<\/b><br \/>\nEn ni\u00f1as y ni\u00f1os:<br \/>\nBoca seca<br \/>\nLlanto sin l\u00e1grimas<br \/>\nFiebre mayor a 39\u00b0C<br \/>\nIrritabilidad<br \/>\nOjos hundidos<br \/>\nSomnolencia<\/p>\n","protected":false},"excerpt":{"rendered":"<p>Hermosillo, Sonora, 27 febrero, 2026.-Ante el registro de 41 grados de temperatura este jueves, inusual para la temporada de invierno, la Direcci\u00f3n General de Salud P\u00fablica del Ayuntamiento de Hermosillo hace un llamado a la ciudadan\u00eda a reforzar las medidas preventivas. Luis Becerra Hurtado, titular de la dependencia explic\u00f3 que el calor excesivo incrementa el [&hellip;]<\/p>\n","protected":false},"author":2,"featured_media":247168,"comment_status":"closed","ping_status":"closed","sticky":false,"template":"","format":"standard","meta":{"footnotes":""},"categories":[178],"tags":[12869],"class_list":["post-247167","post","type-post","status-publish","format-standard","has-post-thumbnail","hentry","category-local","tag-local"],"jetpack_featured_media_url":"https:\/\/rnoticias.com.mx\/Portal\/wp-content\/uploads\/2026\/02\/WhatsApp-Image-2026-02-26-at-8.29.12-PM-1024x576-1.jpeg","amp_enabled":true,"_links":{"self":[{"href":"https:\/\/rnoticias.com.mx\/Portal\/wp-json\/wp\/v2\/posts\/247167","targetHints":{"allow":["GET"]}}],"collection":[{"href":"https:\/\/rnoticias.com.mx\/Portal\/wp-json\/wp\/v2\/posts"}],"about":[{"href":"https:\/\/rnoticias.com.mx\/Portal\/wp-json\/wp\/v2\/types\/post"}],"author":[{"embeddable":true,"href":"https:\/\/rnoticias.com.mx\/Portal\/wp-json\/wp\/v2\/users\/2"}],"replies":[{"embeddable":true,"href":"https:\/\/rnoticias.com.mx\/Portal\/wp-json\/wp\/v2\/comments?post=247167"}],"version-history":[{"count":1,"href":"https:\/\/rnoticias.com.mx\/Portal\/wp-json\/wp\/v2\/posts\/247167\/revisions"}],"predecessor-version":[{"id":247169,"href":"https:\/\/rnoticias.com.mx\/Portal\/wp-json\/wp\/v2\/posts\/247167\/revisions\/247169"}],"wp:featuredmedia":[{"embeddable":true,"href":"https:\/\/rnoticias.com.mx\/Portal\/wp-json\/wp\/v2\/media\/247168"}],"wp:attachment":[{"href":"https:\/\/rnoticias.com.mx\/Portal\/wp-json\/wp\/v2\/media?parent=247167"}],"wp:term":[{"taxonomy":"category","embeddable":true,"href":"https:\/\/rnoticias.com.mx\/Portal\/wp-json\/wp\/v2\/categories?post=247167"},{"taxonomy":"post_tag","embeddable":true,"href":"https:\/\/rnoticias.com.mx\/Portal\/wp-json\/wp\/v2\/tags?post=247167"}],"curies":[{"name":"wp","href":"https:\/\/api.w.org\/{rel}","templated":true}]}}