{"id":247164,"date":"2026-02-27T21:04:26","date_gmt":"2026-02-28T04:04:26","guid":{"rendered":"https:\/\/rnoticias.com.mx\/Portal\/?p=247164"},"modified":"2026-02-27T21:04:26","modified_gmt":"2026-02-28T04:04:26","slug":"fortalece-gobierno-de-sonora-infraestructura-del-centro-de-reinsercion-femenil-en-ciudad-obregon","status":"publish","type":"post","link":"https:\/\/rnoticias.com.mx\/Portal\/2026\/02\/27\/fortalece-gobierno-de-sonora-infraestructura-del-centro-de-reinsercion-femenil-en-ciudad-obregon\/","title":{"rendered":"Fortalece Gobierno de Sonora infraestructura del Centro de Reinserci\u00f3n Femenil en Ciudad Obreg\u00f3n"},"content":{"rendered":"<p>Ciudad Obreg\u00f3n, Sonora; 27 de febrero de 2026.\u2013 Para ofrecer mejores condiciones a mujeres privadas de su libertad que se encuentran en el Centro de Reinserci\u00f3n Social (Cereso) en Ciudad Obreg\u00f3n, la Secretar\u00eda de Seguridad y Protecci\u00f3n Ciudadana (SSPC) Sonora anunci\u00f3 la ampliaci\u00f3n y mejoramiento de las instalaciones del pabell\u00f3n femenil.<\/p>\n<p>En cumplimiento al compromiso de asegurar espacios dignos a la poblaci\u00f3n durante el internamiento, en irrestricto respeto a sus derechos humanos, se llevaron a cabo importantes modificaciones en el inmueble.<\/p>\n<p>El Sistema Estatal Penitenciario inform\u00f3 que, entre las principales mejoras que se realizaron en el Cereso femenil de Ciudad Obreg\u00f3n, destacan:<\/p>\n<p>\u2022 Habilitaci\u00f3n de 78 espacios (literas) con su correspondiente colchoneta<\/p>\n<p>\u2022 Mejoramiento del \u00e1rea maternal<\/p>\n<p>\u2022 Instalaci\u00f3n de lavadora y secadora<\/p>\n<p>\u2022 Rehabilitaci\u00f3n de sanitarios<\/p>\n<p>\u2022 Se\u00f1alizaci\u00f3n de acuerdo a los lineamientos de Protecci\u00f3n Civil<\/p>\n<p>\u2022 Entrega de cobijas<\/p>\n<p>Con esta acci\u00f3n, el SIEP en Sonora tambi\u00e9n contribuye a la adecuada clasificaci\u00f3n de la poblaci\u00f3n reclusa, dignificando con ello las condiciones durante el proceso de reinserci\u00f3n social.<\/p>\n<p>Autoridades del Sistema Estatal Penitenciario comunicaron que tambi\u00e9n se tiene previsto continuar con la habilitaci\u00f3n de 12 espacios adicionales en dicho Centro Femenil.<\/p>\n","protected":false},"excerpt":{"rendered":"<p>Ciudad Obreg\u00f3n, Sonora; 27 de febrero de 2026.\u2013 Para ofrecer mejores condiciones a mujeres privadas de su libertad que se encuentran en el Centro de Reinserci\u00f3n Social (Cereso) en Ciudad Obreg\u00f3n, la Secretar\u00eda de Seguridad y Protecci\u00f3n Ciudadana (SSPC) Sonora anunci\u00f3 la ampliaci\u00f3n y mejoramiento de las instalaciones del pabell\u00f3n femenil. En cumplimiento al compromiso [&hellip;]<\/p>\n","protected":false},"author":2,"featured_media":247165,"comment_status":"closed","ping_status":"closed","sticky":false,"template":"","format":"standard","meta":{"footnotes":""},"categories":[174],"tags":[12873],"class_list":["post-247164","post","type-post","status-publish","format-standard","has-post-thumbnail","hentry","category-estatal","tag-estatal"],"jetpack_featured_media_url":"https:\/\/rnoticias.com.mx\/Portal\/wp-content\/uploads\/2026\/02\/75-1.jpg","amp_enabled":true,"_links":{"self":[{"href":"https:\/\/rnoticias.com.mx\/Portal\/wp-json\/wp\/v2\/posts\/247164","targetHints":{"allow":["GET"]}}],"collection":[{"href":"https:\/\/rnoticias.com.mx\/Portal\/wp-json\/wp\/v2\/posts"}],"about":[{"href":"https:\/\/rnoticias.com.mx\/Portal\/wp-json\/wp\/v2\/types\/post"}],"author":[{"embeddable":true,"href":"https:\/\/rnoticias.com.mx\/Portal\/wp-json\/wp\/v2\/users\/2"}],"replies":[{"embeddable":true,"href":"https:\/\/rnoticias.com.mx\/Portal\/wp-json\/wp\/v2\/comments?post=247164"}],"version-history":[{"count":1,"href":"https:\/\/rnoticias.com.mx\/Portal\/wp-json\/wp\/v2\/posts\/247164\/revisions"}],"predecessor-version":[{"id":247166,"href":"https:\/\/rnoticias.com.mx\/Portal\/wp-json\/wp\/v2\/posts\/247164\/revisions\/247166"}],"wp:featuredmedia":[{"embeddable":true,"href":"https:\/\/rnoticias.com.mx\/Portal\/wp-json\/wp\/v2\/media\/247165"}],"wp:attachment":[{"href":"https:\/\/rnoticias.com.mx\/Portal\/wp-json\/wp\/v2\/media?parent=247164"}],"wp:term":[{"taxonomy":"category","embeddable":true,"href":"https:\/\/rnoticias.com.mx\/Portal\/wp-json\/wp\/v2\/categories?post=247164"},{"taxonomy":"post_tag","embeddable":true,"href":"https:\/\/rnoticias.com.mx\/Portal\/wp-json\/wp\/v2\/tags?post=247164"}],"curies":[{"name":"wp","href":"https:\/\/api.w.org\/{rel}","templated":true}]}}