{"id":247077,"date":"2026-02-27T18:49:59","date_gmt":"2026-02-28T01:49:59","guid":{"rendered":"https:\/\/rnoticias.com.mx\/Portal\/?p=247077"},"modified":"2026-02-27T18:49:59","modified_gmt":"2026-02-28T01:49:59","slug":"luis-donaldo-colosio-propone-incentivos-al-primer-empleo-juvenil-en-mexico","status":"publish","type":"post","link":"https:\/\/rnoticias.com.mx\/Portal\/2026\/02\/27\/luis-donaldo-colosio-propone-incentivos-al-primer-empleo-juvenil-en-mexico\/","title":{"rendered":"Luis Donaldo Colosio propone incentivos al primer empleo juvenil en M\u00e9xico"},"content":{"rendered":"<p>Hermosillo, Sonora.\u00a0 El senador de Movimiento Ciudadano, Luis Donaldo Colosio Riojas, afirm\u00f3 que el acceso al primer empleo sigue siendo uno de los mayores retos para la juventud mexicana, pese a tratarse de una generaci\u00f3n m\u00e1s preparada y con mayores herramientas acad\u00e9micas que las anteriores.<\/p>\n<p>&nbsp;<\/p>\n<p>Durante un encuentro con estudiantes en la escuela de Derecho de la Universidad de Sonora (Unison), expuso que millones de j\u00f3venes enfrentan barreras estructurales para incorporarse al mercado laboral, lo que genera incertidumbre econ\u00f3mica y limita su desarrollo profesional.<\/p>\n<p>&nbsp;<\/p>\n<p>\u201cYo mismo viv\u00ed esa dificultad al egresar de la carrera de Derecho, cuando la falta de experiencia se convirti\u00f3 en el principal obst\u00e1culo para conseguir un trabajo. Est\u00e1 situaci\u00f3n refleja una problem\u00e1tica nacional donde una gran proporci\u00f3n de las personas desempleadas son menores de 30 a\u00f1os y a los reci\u00e9n graduados se les complia obtener oportunidades\u201d, asever\u00f3.<\/p>\n<p>&nbsp;<\/p>\n<p>El senador explic\u00f3 que este fen\u00f3meno responde a tres factores principales: la falta de vacantes adecuadas, la ausencia de habilidades especializadas y, sobre todo, la exigencia de experiencia previa. Ante ello, destac\u00f3 la necesidad de que el Estado genere condiciones que faciliten la inserci\u00f3n laboral y no la obstaculicen.<\/p>\n<p>&nbsp;<\/p>\n<p>Como respuesta, record\u00f3 que ha impulsado iniciativas enfocadas en promover el primer empleo y el primer emprendimiento, las cuales contemplan incentivos fiscales para empresas que contraten j\u00f3venes.<\/p>\n<p>&nbsp;<\/p>\n<p>\u201cHay que fortalecer el empleo formal con prestaciones, seguridad social, apoyos dirigidos a micro, peque\u00f1as y medianas empresas, responsables de la mayor parte del empleo en el pa\u00eds\u201d, dijo.<\/p>\n<p>&nbsp;<\/p>\n<p>&nbsp;<\/p>\n<p>El dato:<\/p>\n<p>Durante su gira por Hermosillo, el Senador visit\u00f3 la Fundaci\u00f3n Diana Laura Riojas en Casa Hogar Guadalupe Libre, luego se reuni\u00f3 con estudiantes de la Unison y finalmente, form\u00f3 parte de la Instalaci\u00f3n de la Coordinaci\u00f3n Municipal de MC Hermosillo.<\/p>\n","protected":false},"excerpt":{"rendered":"<p>Hermosillo, Sonora.\u00a0 El senador de Movimiento Ciudadano, Luis Donaldo Colosio Riojas, afirm\u00f3 que el acceso al primer empleo sigue siendo uno de los mayores retos para la juventud mexicana, pese a tratarse de una generaci\u00f3n m\u00e1s preparada y con mayores herramientas acad\u00e9micas que las anteriores. &nbsp; Durante un encuentro con estudiantes en la escuela de [&hellip;]<\/p>\n","protected":false},"author":2,"featured_media":247078,"comment_status":"closed","ping_status":"closed","sticky":false,"template":"","format":"standard","meta":{"footnotes":""},"categories":[12870,12868],"tags":[12865,12879],"class_list":["post-247077","post","type-post","status-publish","format-standard","has-post-thumbnail","hentry","category-destacadas","category-politica","tag-destacadas","tag-politica"],"jetpack_featured_media_url":"https:\/\/rnoticias.com.mx\/Portal\/wp-content\/uploads\/2026\/02\/WhatsApp-Image-2026-02-27s-at-5.46.52-PM.jpeg","amp_enabled":true,"_links":{"self":[{"href":"https:\/\/rnoticias.com.mx\/Portal\/wp-json\/wp\/v2\/posts\/247077","targetHints":{"allow":["GET"]}}],"collection":[{"href":"https:\/\/rnoticias.com.mx\/Portal\/wp-json\/wp\/v2\/posts"}],"about":[{"href":"https:\/\/rnoticias.com.mx\/Portal\/wp-json\/wp\/v2\/types\/post"}],"author":[{"embeddable":true,"href":"https:\/\/rnoticias.com.mx\/Portal\/wp-json\/wp\/v2\/users\/2"}],"replies":[{"embeddable":true,"href":"https:\/\/rnoticias.com.mx\/Portal\/wp-json\/wp\/v2\/comments?post=247077"}],"version-history":[{"count":1,"href":"https:\/\/rnoticias.com.mx\/Portal\/wp-json\/wp\/v2\/posts\/247077\/revisions"}],"predecessor-version":[{"id":247079,"href":"https:\/\/rnoticias.com.mx\/Portal\/wp-json\/wp\/v2\/posts\/247077\/revisions\/247079"}],"wp:featuredmedia":[{"embeddable":true,"href":"https:\/\/rnoticias.com.mx\/Portal\/wp-json\/wp\/v2\/media\/247078"}],"wp:attachment":[{"href":"https:\/\/rnoticias.com.mx\/Portal\/wp-json\/wp\/v2\/media?parent=247077"}],"wp:term":[{"taxonomy":"category","embeddable":true,"href":"https:\/\/rnoticias.com.mx\/Portal\/wp-json\/wp\/v2\/categories?post=247077"},{"taxonomy":"post_tag","embeddable":true,"href":"https:\/\/rnoticias.com.mx\/Portal\/wp-json\/wp\/v2\/tags?post=247077"}],"curies":[{"name":"wp","href":"https:\/\/api.w.org\/{rel}","templated":true}]}}