{"id":247074,"date":"2026-02-27T18:48:05","date_gmt":"2026-02-28T01:48:05","guid":{"rendered":"https:\/\/rnoticias.com.mx\/Portal\/?p=247074"},"modified":"2026-02-27T18:48:05","modified_gmt":"2026-02-28T01:48:05","slug":"luis-donaldo-colosio-descarta-adelantarse-a-escenarios-de-2027","status":"publish","type":"post","link":"https:\/\/rnoticias.com.mx\/Portal\/2026\/02\/27\/luis-donaldo-colosio-descarta-adelantarse-a-escenarios-de-2027\/","title":{"rendered":"Luis Donaldo Colosio descarta adelantarse a escenarios de 2027"},"content":{"rendered":"<p>Hermosillo, Sonora. Durante su visita a Hermosillo, el senador Luis Donaldo Colosio Riojas descart\u00f3 pronunciarse sobre escenarios electorales rumbo a 2027 y subray\u00f3 que el momento actual debe centrarse en el trabajo social y legislativo.<\/p>\n<p>&nbsp;<\/p>\n<p>El legislador sostuvo un encuentro con estudiantes de la Universidad de Sonora, donde fue cuestionado sobre su posible papel pol\u00edtico en los pr\u00f3ximos comicios, especialmente en Sonora.<\/p>\n<p>&nbsp;<\/p>\n<p>\u201cNo corresponde ahora adelantar posturas, ya que a\u00fan no son tiempos de definiciones electorales\u201d, afirm\u00f3.<\/p>\n<p>&nbsp;<\/p>\n<p>Colosio explic\u00f3 que su visita tuvo como prop\u00f3sito fortalecer proyectos comunitarios impulsados por su fundaci\u00f3n, adem\u00e1s de respaldar las actividades de integrantes de Movimiento Ciudadano en la entidad.<\/p>\n<p>&nbsp;<\/p>\n<p>Respecto a la reforma electoral en discusi\u00f3n, advirti\u00f3 que podr\u00eda implicar riesgos para el equilibrio institucional al reducir contrapesos dentro del sistema pol\u00edtico nacional.<\/p>\n<p>&nbsp;<\/p>\n","protected":false},"excerpt":{"rendered":"<p>Hermosillo, Sonora. Durante su visita a Hermosillo, el senador Luis Donaldo Colosio Riojas descart\u00f3 pronunciarse sobre escenarios electorales rumbo a 2027 y subray\u00f3 que el momento actual debe centrarse en el trabajo social y legislativo. &nbsp; El legislador sostuvo un encuentro con estudiantes de la Universidad de Sonora, donde fue cuestionado sobre su posible papel [&hellip;]<\/p>\n","protected":false},"author":2,"featured_media":247075,"comment_status":"closed","ping_status":"closed","sticky":false,"template":"","format":"standard","meta":{"footnotes":""},"categories":[12870,12868],"tags":[12865,12879],"class_list":["post-247074","post","type-post","status-publish","format-standard","has-post-thumbnail","hentry","category-destacadas","category-politica","tag-destacadas","tag-politica"],"jetpack_featured_media_url":"https:\/\/rnoticias.com.mx\/Portal\/wp-content\/uploads\/2026\/02\/44.jpeg","amp_enabled":true,"_links":{"self":[{"href":"https:\/\/rnoticias.com.mx\/Portal\/wp-json\/wp\/v2\/posts\/247074","targetHints":{"allow":["GET"]}}],"collection":[{"href":"https:\/\/rnoticias.com.mx\/Portal\/wp-json\/wp\/v2\/posts"}],"about":[{"href":"https:\/\/rnoticias.com.mx\/Portal\/wp-json\/wp\/v2\/types\/post"}],"author":[{"embeddable":true,"href":"https:\/\/rnoticias.com.mx\/Portal\/wp-json\/wp\/v2\/users\/2"}],"replies":[{"embeddable":true,"href":"https:\/\/rnoticias.com.mx\/Portal\/wp-json\/wp\/v2\/comments?post=247074"}],"version-history":[{"count":1,"href":"https:\/\/rnoticias.com.mx\/Portal\/wp-json\/wp\/v2\/posts\/247074\/revisions"}],"predecessor-version":[{"id":247076,"href":"https:\/\/rnoticias.com.mx\/Portal\/wp-json\/wp\/v2\/posts\/247074\/revisions\/247076"}],"wp:featuredmedia":[{"embeddable":true,"href":"https:\/\/rnoticias.com.mx\/Portal\/wp-json\/wp\/v2\/media\/247075"}],"wp:attachment":[{"href":"https:\/\/rnoticias.com.mx\/Portal\/wp-json\/wp\/v2\/media?parent=247074"}],"wp:term":[{"taxonomy":"category","embeddable":true,"href":"https:\/\/rnoticias.com.mx\/Portal\/wp-json\/wp\/v2\/categories?post=247074"},{"taxonomy":"post_tag","embeddable":true,"href":"https:\/\/rnoticias.com.mx\/Portal\/wp-json\/wp\/v2\/tags?post=247074"}],"curies":[{"name":"wp","href":"https:\/\/api.w.org\/{rel}","templated":true}]}}