{"id":247059,"date":"2026-02-27T18:32:42","date_gmt":"2026-02-28T01:32:42","guid":{"rendered":"https:\/\/rnoticias.com.mx\/Portal\/?p=247059"},"modified":"2026-02-27T18:32:42","modified_gmt":"2026-02-28T01:32:42","slug":"don-jorge-zupo-formador-de-la-banda-estatal-de-sonora","status":"publish","type":"post","link":"https:\/\/rnoticias.com.mx\/Portal\/2026\/02\/27\/don-jorge-zupo-formador-de-la-banda-estatal-de-sonora\/","title":{"rendered":"Don Jorge Zupo: formador de la banda estatal de Sonora"},"content":{"rendered":"<p>Jorge No\u00e9 Zupo Duarte, es un m\u00fasico sonorense y fundador de la Banda Sinf\u00f3nica del Estado de Sonora, ha dedicado toda su vida a la m\u00fasica, un camino que inici\u00f3 desde su ni\u00f1ez en condiciones de pobreza, pero con una fuerte herencia musical familiar.<\/p>\n<p>&nbsp;<\/p>\n<p>Hijo de campesinos del Pueblo de \u00c1lamo, aprendi\u00f3 desde peque\u00f1o a tocar instrumentos dentro de la peque\u00f1a orquesta que dirig\u00eda su padre, donde descubri\u00f3 su vocaci\u00f3n por la trompeta y el deseo de superarse.<\/p>\n<p>&nbsp;<\/p>\n<p>\u201cYo estudi\u00e9 hasta tercer a\u00f1o en mi pueblo de \u00c1lamo\u00a0y ya me dijo mi pap\u00e1, te voy a mandar a Ures. Y en Ures hab\u00eda una escuela secundaria que se llamaba\u00a0Jos\u00e9 La Fontain\u00e9, la que est\u00e1 por la orilla de la iglesia, por all\u00ed est\u00e1\u201d, cont\u00f3.<\/p>\n<p>&nbsp;<\/p>\n<p>Con el paso de los a\u00f1os, su talento lo llev\u00f3 a integrarse a estudiantinas, orquestas y agrupaciones en distintas ciudades de Sonora, consolidando una trayectoria marcada por la disciplina y el aprendizaje emp\u00edrico.<\/p>\n<p>&nbsp;<\/p>\n<p>Ya en los a\u00f1os ochenta, particip\u00f3 en el proceso de conformaci\u00f3n de la Banda Sinf\u00f3nica del Estado, por invitaci\u00f3n del entonces Gobernador de Sonora, Samuel Oca\u00f1a, por lo que aport\u00f3 su experiencia, conocimiento musical y ayud\u00f3 en la formaci\u00f3n de nuevas generaciones de instrumentistas.<\/p>\n<p>&nbsp;<\/p>\n<p>\u201cEstuve dos a\u00f1os en la banda, pero mi intenci\u00f3n fue esta. Yo antes yo hab\u00eda hecho\u00a0con mis hijos aqu\u00ed una, un grupito de m\u00fasicos que se llamaba La Novedad del Siglo\u201d, dijo.<\/p>\n<p>&nbsp;<\/p>\n<p>Y precisamente a la mayoria de sus 9 hijos, les ense\u00f1o el amor por la musica, aprendiendo diversos instrumentos; durante d\u00e9cadas toc\u00f3 en fiestas, teatros, plazas y escenarios populares, adem\u00e1s de ense\u00f1ar a j\u00f3venes m\u00fasicos y formar agrupaciones familiares que mantuvieron viva la tradici\u00f3n.<\/p>\n<p>&nbsp;<\/p>\n<p>Finalmente, a sus 95 a\u00f1os, el se\u00f1or Jorge Zupo Duarte, sostiene que la m\u00fasica fue su sustento y su vocaci\u00f3n, pero tambi\u00e9n una herramienta para formar comunidad, transmitir valores y fortalecer la identidad cultural sonorense, legado que hoy contin\u00faa en su familia y en quienes aprendieron de \u00e9l.<\/p>\n<p>&nbsp;<\/p>\n","protected":false},"excerpt":{"rendered":"<p>Jorge No\u00e9 Zupo Duarte, es un m\u00fasico sonorense y fundador de la Banda Sinf\u00f3nica del Estado de Sonora, ha dedicado toda su vida a la m\u00fasica, un camino que inici\u00f3 desde su ni\u00f1ez en condiciones de pobreza, pero con una fuerte herencia musical familiar. &nbsp; Hijo de campesinos del Pueblo de \u00c1lamo, aprendi\u00f3 desde peque\u00f1o [&hellip;]<\/p>\n","protected":false},"author":2,"featured_media":247060,"comment_status":"closed","ping_status":"closed","sticky":false,"template":"","format":"standard","meta":{"footnotes":""},"categories":[12870,178],"tags":[12865,12869],"class_list":["post-247059","post","type-post","status-publish","format-standard","has-post-thumbnail","hentry","category-destacadas","category-local","tag-destacadas","tag-local"],"jetpack_featured_media_url":"https:\/\/rnoticias.com.mx\/Portal\/wp-content\/uploads\/2026\/02\/2923.jpg","amp_enabled":true,"_links":{"self":[{"href":"https:\/\/rnoticias.com.mx\/Portal\/wp-json\/wp\/v2\/posts\/247059","targetHints":{"allow":["GET"]}}],"collection":[{"href":"https:\/\/rnoticias.com.mx\/Portal\/wp-json\/wp\/v2\/posts"}],"about":[{"href":"https:\/\/rnoticias.com.mx\/Portal\/wp-json\/wp\/v2\/types\/post"}],"author":[{"embeddable":true,"href":"https:\/\/rnoticias.com.mx\/Portal\/wp-json\/wp\/v2\/users\/2"}],"replies":[{"embeddable":true,"href":"https:\/\/rnoticias.com.mx\/Portal\/wp-json\/wp\/v2\/comments?post=247059"}],"version-history":[{"count":1,"href":"https:\/\/rnoticias.com.mx\/Portal\/wp-json\/wp\/v2\/posts\/247059\/revisions"}],"predecessor-version":[{"id":247061,"href":"https:\/\/rnoticias.com.mx\/Portal\/wp-json\/wp\/v2\/posts\/247059\/revisions\/247061"}],"wp:featuredmedia":[{"embeddable":true,"href":"https:\/\/rnoticias.com.mx\/Portal\/wp-json\/wp\/v2\/media\/247060"}],"wp:attachment":[{"href":"https:\/\/rnoticias.com.mx\/Portal\/wp-json\/wp\/v2\/media?parent=247059"}],"wp:term":[{"taxonomy":"category","embeddable":true,"href":"https:\/\/rnoticias.com.mx\/Portal\/wp-json\/wp\/v2\/categories?post=247059"},{"taxonomy":"post_tag","embeddable":true,"href":"https:\/\/rnoticias.com.mx\/Portal\/wp-json\/wp\/v2\/tags?post=247059"}],"curies":[{"name":"wp","href":"https:\/\/api.w.org\/{rel}","templated":true}]}}