{"id":247056,"date":"2026-02-27T18:19:47","date_gmt":"2026-02-28T01:19:47","guid":{"rendered":"https:\/\/rnoticias.com.mx\/Portal\/?p=247056"},"modified":"2026-02-27T18:19:47","modified_gmt":"2026-02-28T01:19:47","slug":"fundacion-don-jorge-va-a-realizar-nueva-carrera-con-causa","status":"publish","type":"post","link":"https:\/\/rnoticias.com.mx\/Portal\/2026\/02\/27\/fundacion-don-jorge-va-a-realizar-nueva-carrera-con-causa\/","title":{"rendered":"Fundaci\u00f3n Don Jorge va a realizar nueva carrera con causa"},"content":{"rendered":"<p>La Fundaci\u00f3n Don Jorge Aguilar Heredia anunci\u00f3 la realizaci\u00f3n de su segunda carrera familiar, un evento deportivo y solidario que busca reunir a la comunidad para apoyar sus programas sociales.<\/p>\n<p>&nbsp;<\/p>\n<p>Berecnice Dominguez, gerente de Fundaci\u00f3n Don Jorge, coment\u00f3 que la actividad se llevar\u00e1 a cabo el domingo 19 de abril, como parte del aniversario de la instituci\u00f3n, e incluir\u00e1 una carrera de 5 kil\u00f3metros y una caminata recreativa de 3 kil\u00f3metros abierta a personas de todas las edades.<\/p>\n<p>&nbsp;<\/p>\n<p>\u201cLa salida ser\u00e1 a las 7:00 de la ma\u00f1ana desde el Estadio Fernando Valenzuela, desde donde los participantes recorrer\u00e1n calles del sector para regresar al punto inicial\u201d, cont\u00f3.<\/p>\n<p>&nbsp;<\/p>\n<p>El costo del kit, mencion\u00f3, ser\u00e1 de 269 pesos e incluye playera oficial, medalla y n\u00famero de competidor. Los recursos obtenidos se destinar\u00e1n a proyectos de salud, educaci\u00f3n y apoyo comunitario impulsados por la fundaci\u00f3n en beneficio de poblaci\u00f3n vulnerable de Hermosillo.<\/p>\n<p>&nbsp;<\/p>\n<p>Las inscripciones permanecen abiertas y pueden realizarse mediante registro por WhatsApp al 6621 230110.<\/p>\n<p>&nbsp;<\/p>\n<p>&nbsp;<\/p>\n","protected":false},"excerpt":{"rendered":"<p>La Fundaci\u00f3n Don Jorge Aguilar Heredia anunci\u00f3 la realizaci\u00f3n de su segunda carrera familiar, un evento deportivo y solidario que busca reunir a la comunidad para apoyar sus programas sociales. &nbsp; Berecnice Dominguez, gerente de Fundaci\u00f3n Don Jorge, coment\u00f3 que la actividad se llevar\u00e1 a cabo el domingo 19 de abril, como parte del aniversario [&hellip;]<\/p>\n","protected":false},"author":2,"featured_media":247057,"comment_status":"closed","ping_status":"closed","sticky":false,"template":"","format":"standard","meta":{"footnotes":""},"categories":[12870,178],"tags":[12865,12869],"class_list":["post-247056","post","type-post","status-publish","format-standard","has-post-thumbnail","hentry","category-destacadas","category-local","tag-destacadas","tag-local"],"jetpack_featured_media_url":"https:\/\/rnoticias.com.mx\/Portal\/wp-content\/uploads\/2026\/02\/203-scaled.jpg","amp_enabled":true,"_links":{"self":[{"href":"https:\/\/rnoticias.com.mx\/Portal\/wp-json\/wp\/v2\/posts\/247056","targetHints":{"allow":["GET"]}}],"collection":[{"href":"https:\/\/rnoticias.com.mx\/Portal\/wp-json\/wp\/v2\/posts"}],"about":[{"href":"https:\/\/rnoticias.com.mx\/Portal\/wp-json\/wp\/v2\/types\/post"}],"author":[{"embeddable":true,"href":"https:\/\/rnoticias.com.mx\/Portal\/wp-json\/wp\/v2\/users\/2"}],"replies":[{"embeddable":true,"href":"https:\/\/rnoticias.com.mx\/Portal\/wp-json\/wp\/v2\/comments?post=247056"}],"version-history":[{"count":1,"href":"https:\/\/rnoticias.com.mx\/Portal\/wp-json\/wp\/v2\/posts\/247056\/revisions"}],"predecessor-version":[{"id":247058,"href":"https:\/\/rnoticias.com.mx\/Portal\/wp-json\/wp\/v2\/posts\/247056\/revisions\/247058"}],"wp:featuredmedia":[{"embeddable":true,"href":"https:\/\/rnoticias.com.mx\/Portal\/wp-json\/wp\/v2\/media\/247057"}],"wp:attachment":[{"href":"https:\/\/rnoticias.com.mx\/Portal\/wp-json\/wp\/v2\/media?parent=247056"}],"wp:term":[{"taxonomy":"category","embeddable":true,"href":"https:\/\/rnoticias.com.mx\/Portal\/wp-json\/wp\/v2\/categories?post=247056"},{"taxonomy":"post_tag","embeddable":true,"href":"https:\/\/rnoticias.com.mx\/Portal\/wp-json\/wp\/v2\/tags?post=247056"}],"curies":[{"name":"wp","href":"https:\/\/api.w.org\/{rel}","templated":true}]}}