{"id":247053,"date":"2026-02-27T18:17:49","date_gmt":"2026-02-28T01:17:49","guid":{"rendered":"https:\/\/rnoticias.com.mx\/Portal\/?p=247053"},"modified":"2026-02-27T18:17:49","modified_gmt":"2026-02-28T01:17:49","slug":"aprovecharan-lamparas-led-retiradas-para-reforzar-alumbrado-en-zonas-vulnerables-de-hermosillo","status":"publish","type":"post","link":"https:\/\/rnoticias.com.mx\/Portal\/2026\/02\/27\/aprovecharan-lamparas-led-retiradas-para-reforzar-alumbrado-en-zonas-vulnerables-de-hermosillo\/","title":{"rendered":"Aprovechar\u00e1n l\u00e1mparas LED retiradas para reforzar alumbrado en zonas vulnerables de Hermosillo"},"content":{"rendered":"<p>Hermosillo, Sonora. Las casi 900 l\u00e1mparas LED que fueron desmontadas del bulevar Solidaridad y del sector Perisur no quedar\u00e1n en desuso, inform\u00f3 Carla Neudert Cordova.<\/p>\n<p>&nbsp;<\/p>\n<p>La titular de la Agencia Municipal de Energ\u00eda y Cambio Clim\u00e1tico, inform\u00f3 que las luminarias ser\u00e1n reubicadas principalmente en el Poblado Miguel Alem\u00e1n, as\u00ed como en colonias donde se han registrado fallas y da\u00f1os en la infraestructura, entre ellas el \u00e1rea de Altares.<\/p>\n<p>&nbsp;<\/p>\n<p>\u201cTras la modernizaci\u00f3n del sistema de alumbrado p\u00fablico hacia un modelo inteligente, estos equipos ser\u00e1n aprovechados para reforzar la iluminaci\u00f3n en zonas con rezago de la ciudad de Hermosillo\u201d, puntualiz\u00f3.<\/p>\n<p>&nbsp;<\/p>\n<p>Explic\u00f3 que en algunos bulevares se han presentado afectaciones en el sistema de alumbrado, por lo que estas acciones permitir\u00e1n rehabilitar tramos que actualmente presentan deficiencias y mejorar la seguridad para peatones y automovilistas.<\/p>\n<p>&nbsp;<\/p>\n<p>La funcionaria destac\u00f3 que recientemente se incorporaron nuevas unidades vehiculares, lo que facilitar\u00e1 y agilizar\u00e1 la instalaci\u00f3n del equipo retirado.<\/p>\n<p>&nbsp;<\/p>\n<p>\u201cLos trabajos son realizados directamente por personal de la dependencia, que enfrenta una alta carga operativa. Con esta estrategia, el Ayuntamiento busca optimizar recursos, extender la cobertura de iluminaci\u00f3n y atender sectores que durante a\u00f1os han requerido mejoras en el servicio\u201d, culmin\u00f3.<\/p>\n","protected":false},"excerpt":{"rendered":"<p>Hermosillo, Sonora. Las casi 900 l\u00e1mparas LED que fueron desmontadas del bulevar Solidaridad y del sector Perisur no quedar\u00e1n en desuso, inform\u00f3 Carla Neudert Cordova. &nbsp; La titular de la Agencia Municipal de Energ\u00eda y Cambio Clim\u00e1tico, inform\u00f3 que las luminarias ser\u00e1n reubicadas principalmente en el Poblado Miguel Alem\u00e1n, as\u00ed como en colonias donde se [&hellip;]<\/p>\n","protected":false},"author":2,"featured_media":247054,"comment_status":"closed","ping_status":"closed","sticky":false,"template":"","format":"standard","meta":{"footnotes":""},"categories":[12870,178],"tags":[12865,12869],"class_list":["post-247053","post","type-post","status-publish","format-standard","has-post-thumbnail","hentry","category-destacadas","category-local","tag-destacadas","tag-local"],"jetpack_featured_media_url":"https:\/\/rnoticias.com.mx\/Portal\/wp-content\/uploads\/2026\/02\/alumbrado-publico-de-hermosillo-c1f5b728-focus-0-0-750-421.webp","amp_enabled":true,"_links":{"self":[{"href":"https:\/\/rnoticias.com.mx\/Portal\/wp-json\/wp\/v2\/posts\/247053","targetHints":{"allow":["GET"]}}],"collection":[{"href":"https:\/\/rnoticias.com.mx\/Portal\/wp-json\/wp\/v2\/posts"}],"about":[{"href":"https:\/\/rnoticias.com.mx\/Portal\/wp-json\/wp\/v2\/types\/post"}],"author":[{"embeddable":true,"href":"https:\/\/rnoticias.com.mx\/Portal\/wp-json\/wp\/v2\/users\/2"}],"replies":[{"embeddable":true,"href":"https:\/\/rnoticias.com.mx\/Portal\/wp-json\/wp\/v2\/comments?post=247053"}],"version-history":[{"count":1,"href":"https:\/\/rnoticias.com.mx\/Portal\/wp-json\/wp\/v2\/posts\/247053\/revisions"}],"predecessor-version":[{"id":247055,"href":"https:\/\/rnoticias.com.mx\/Portal\/wp-json\/wp\/v2\/posts\/247053\/revisions\/247055"}],"wp:featuredmedia":[{"embeddable":true,"href":"https:\/\/rnoticias.com.mx\/Portal\/wp-json\/wp\/v2\/media\/247054"}],"wp:attachment":[{"href":"https:\/\/rnoticias.com.mx\/Portal\/wp-json\/wp\/v2\/media?parent=247053"}],"wp:term":[{"taxonomy":"category","embeddable":true,"href":"https:\/\/rnoticias.com.mx\/Portal\/wp-json\/wp\/v2\/categories?post=247053"},{"taxonomy":"post_tag","embeddable":true,"href":"https:\/\/rnoticias.com.mx\/Portal\/wp-json\/wp\/v2\/tags?post=247053"}],"curies":[{"name":"wp","href":"https:\/\/api.w.org\/{rel}","templated":true}]}}