{"id":247050,"date":"2026-02-27T18:11:21","date_gmt":"2026-02-28T01:11:21","guid":{"rendered":"https:\/\/rnoticias.com.mx\/Portal\/?p=247050"},"modified":"2026-02-27T18:11:21","modified_gmt":"2026-02-28T01:11:21","slug":"ofrecen-curso-gratuito-de-computacion-basica-para-mayores-de-40-anos-en-unison","status":"publish","type":"post","link":"https:\/\/rnoticias.com.mx\/Portal\/2026\/02\/27\/ofrecen-curso-gratuito-de-computacion-basica-para-mayores-de-40-anos-en-unison\/","title":{"rendered":"Ofrecen curso gratuito de computaci\u00f3n b\u00e1sica para mayores de 40 a\u00f1os en UNISON"},"content":{"rendered":"<p>Hermosillo, Sonora. Con el prop\u00f3sito de impulsar la inclusi\u00f3n digital y brindar herramientas tecnol\u00f3gicas a personas mayores de 40 a\u00f1os, el programa Mejoremos Nuestra Vida, de Fundaci\u00f3n Ganfer I.A.P., en coordinaci\u00f3n con la Universidad de Sonora a trav\u00e9s del programa MADAUS, invita al curso presencial de computaci\u00f3n b\u00e1sica.<\/p>\n<p>&nbsp;<\/p>\n<p>La coordinadora del programa, Ilse Amaya, dio a conocer que la capacitaci\u00f3n est\u00e1 dise\u00f1ada para quienes deseen iniciar desde cero en el uso de la computadora o reforzar conocimientos esenciales para la vida cotidiana.<\/p>\n<p>&nbsp;<\/p>\n<p>\u201cDurante las sesiones, los asistentes aprender\u00e1n a manejar equipo de c\u00f3mputo, navegar en internet, utilizar Word y crear y administrar un correo electr\u00f3nico, en un ambiente pr\u00e1ctico y accesible\u201d, detall\u00f3.<\/p>\n<p>&nbsp;<\/p>\n<p>Inform\u00f3 que el curso iniciar\u00e1 este 28 de febrero, as\u00ed como posteriormente el 7 y 14 de marzo, en un horario de 9:00 de la ma\u00f1ana a 1:00 de la tarde, en el edificio 9I, Laboratorio de Comunicaci\u00f3n y Servicios Educativos, tercer piso, dentro del campus universitario.<\/p>\n<p>&nbsp;<\/p>\n<p>Agreg\u00f3, que la actividad no tiene costo, pero el cupo es limitado. Las personas interesadas pueden registrarse en el enlace disponible en redes sociales del programa o comunicarse al tel\u00e9fono 6623 862609 para mayores informes.<\/p>\n<p>&nbsp;<\/p>\n","protected":false},"excerpt":{"rendered":"<p>Hermosillo, Sonora. Con el prop\u00f3sito de impulsar la inclusi\u00f3n digital y brindar herramientas tecnol\u00f3gicas a personas mayores de 40 a\u00f1os, el programa Mejoremos Nuestra Vida, de Fundaci\u00f3n Ganfer I.A.P., en coordinaci\u00f3n con la Universidad de Sonora a trav\u00e9s del programa MADAUS, invita al curso presencial de computaci\u00f3n b\u00e1sica. &nbsp; La coordinadora del programa, Ilse Amaya, [&hellip;]<\/p>\n","protected":false},"author":2,"featured_media":247051,"comment_status":"closed","ping_status":"closed","sticky":false,"template":"","format":"standard","meta":{"footnotes":""},"categories":[12870,178],"tags":[12865,12869],"class_list":["post-247050","post","type-post","status-publish","format-standard","has-post-thumbnail","hentry","category-destacadas","category-local","tag-destacadas","tag-local"],"jetpack_featured_media_url":"https:\/\/rnoticias.com.mx\/Portal\/wp-content\/uploads\/2026\/02\/329.jpg","amp_enabled":true,"_links":{"self":[{"href":"https:\/\/rnoticias.com.mx\/Portal\/wp-json\/wp\/v2\/posts\/247050","targetHints":{"allow":["GET"]}}],"collection":[{"href":"https:\/\/rnoticias.com.mx\/Portal\/wp-json\/wp\/v2\/posts"}],"about":[{"href":"https:\/\/rnoticias.com.mx\/Portal\/wp-json\/wp\/v2\/types\/post"}],"author":[{"embeddable":true,"href":"https:\/\/rnoticias.com.mx\/Portal\/wp-json\/wp\/v2\/users\/2"}],"replies":[{"embeddable":true,"href":"https:\/\/rnoticias.com.mx\/Portal\/wp-json\/wp\/v2\/comments?post=247050"}],"version-history":[{"count":1,"href":"https:\/\/rnoticias.com.mx\/Portal\/wp-json\/wp\/v2\/posts\/247050\/revisions"}],"predecessor-version":[{"id":247052,"href":"https:\/\/rnoticias.com.mx\/Portal\/wp-json\/wp\/v2\/posts\/247050\/revisions\/247052"}],"wp:featuredmedia":[{"embeddable":true,"href":"https:\/\/rnoticias.com.mx\/Portal\/wp-json\/wp\/v2\/media\/247051"}],"wp:attachment":[{"href":"https:\/\/rnoticias.com.mx\/Portal\/wp-json\/wp\/v2\/media?parent=247050"}],"wp:term":[{"taxonomy":"category","embeddable":true,"href":"https:\/\/rnoticias.com.mx\/Portal\/wp-json\/wp\/v2\/categories?post=247050"},{"taxonomy":"post_tag","embeddable":true,"href":"https:\/\/rnoticias.com.mx\/Portal\/wp-json\/wp\/v2\/tags?post=247050"}],"curies":[{"name":"wp","href":"https:\/\/api.w.org\/{rel}","templated":true}]}}