{"id":247047,"date":"2026-02-27T18:09:43","date_gmt":"2026-02-28T01:09:43","guid":{"rendered":"https:\/\/rnoticias.com.mx\/Portal\/?p=247047"},"modified":"2026-02-27T18:09:43","modified_gmt":"2026-02-28T01:09:43","slug":"ventas-en-mexico-amortiguan-impacto-por-cierre-a-exportacion-ugrs","status":"publish","type":"post","link":"https:\/\/rnoticias.com.mx\/Portal\/2026\/02\/27\/ventas-en-mexico-amortiguan-impacto-por-cierre-a-exportacion-ugrs\/","title":{"rendered":"Ventas en M\u00e9xico amortiguan impacto por cierre a exportaci\u00f3n: UGRS"},"content":{"rendered":"<p>Hermosillo, Sonora. A pesar de que la frontera con Estados Unidos permanece cerrada para la exportaci\u00f3n de ganado, el sector ganadero de Sonora mantiene estabilidad gracias al comportamiento del mercado nacional, inform\u00f3 el presidente de la Uni\u00f3n Ganadera Regional de Sonora, Juan Ochoa Valenzuela.<\/p>\n<p>&nbsp;<\/p>\n<p>El dirigente explic\u00f3 que, aunque la suspensi\u00f3n de env\u00edos al extranjero representa una limitante para mayores ingresos, no se puede hablar de p\u00e9rdidas directas, sino de utilidades que se han dejado de percibir.<\/p>\n<p>&nbsp;<\/p>\n<p>\u201cLa demanda interna ha sido razonable, lo que ha permitido amortiguar el impacto econ\u00f3mico entre los productores de nuestro estado e igual en el resto del pa\u00eds\u201d, mencion\u00f3.<\/p>\n<p>&nbsp;<\/p>\n<p>Indic\u00f3 que en materia t\u00e9cnica y sanitaria, Sonora ha cumplido con los lineamientos establecidos para lograr la reapertura, pero la decisi\u00f3n final corresponde a las autoridades del vecino pa\u00eds.<\/p>\n<p>&nbsp;<\/p>\n<p>Ochoa Valenzuela consider\u00f3 que esta coyuntura tambi\u00e9n abre la oportunidad de fortalecer el consumo nacional y diversificar mercados.<\/p>\n<p>&nbsp;<\/p>\n<p>\u201cEsto es con el objetivo de reducir la dependencia de un solo destino comercial y dar mayor certidumbre a la actividad ganadera en la entidad\u201d, finaliz\u00f3.<\/p>\n<p>&nbsp;<\/p>\n","protected":false},"excerpt":{"rendered":"<p>Hermosillo, Sonora. A pesar de que la frontera con Estados Unidos permanece cerrada para la exportaci\u00f3n de ganado, el sector ganadero de Sonora mantiene estabilidad gracias al comportamiento del mercado nacional, inform\u00f3 el presidente de la Uni\u00f3n Ganadera Regional de Sonora, Juan Ochoa Valenzuela. &nbsp; El dirigente explic\u00f3 que, aunque la suspensi\u00f3n de env\u00edos al [&hellip;]<\/p>\n","protected":false},"author":2,"featured_media":247048,"comment_status":"closed","ping_status":"closed","sticky":false,"template":"","format":"standard","meta":{"footnotes":""},"categories":[12870,178],"tags":[12865,12869],"class_list":["post-247047","post","type-post","status-publish","format-standard","has-post-thumbnail","hentry","category-destacadas","category-local","tag-destacadas","tag-local"],"jetpack_featured_media_url":"https:\/\/rnoticias.com.mx\/Portal\/wp-content\/uploads\/2026\/02\/Imagen-de-WhatsApp-2025-05-20-a-las-08.36.55_bd5344ab.jpg","amp_enabled":true,"_links":{"self":[{"href":"https:\/\/rnoticias.com.mx\/Portal\/wp-json\/wp\/v2\/posts\/247047","targetHints":{"allow":["GET"]}}],"collection":[{"href":"https:\/\/rnoticias.com.mx\/Portal\/wp-json\/wp\/v2\/posts"}],"about":[{"href":"https:\/\/rnoticias.com.mx\/Portal\/wp-json\/wp\/v2\/types\/post"}],"author":[{"embeddable":true,"href":"https:\/\/rnoticias.com.mx\/Portal\/wp-json\/wp\/v2\/users\/2"}],"replies":[{"embeddable":true,"href":"https:\/\/rnoticias.com.mx\/Portal\/wp-json\/wp\/v2\/comments?post=247047"}],"version-history":[{"count":1,"href":"https:\/\/rnoticias.com.mx\/Portal\/wp-json\/wp\/v2\/posts\/247047\/revisions"}],"predecessor-version":[{"id":247049,"href":"https:\/\/rnoticias.com.mx\/Portal\/wp-json\/wp\/v2\/posts\/247047\/revisions\/247049"}],"wp:featuredmedia":[{"embeddable":true,"href":"https:\/\/rnoticias.com.mx\/Portal\/wp-json\/wp\/v2\/media\/247048"}],"wp:attachment":[{"href":"https:\/\/rnoticias.com.mx\/Portal\/wp-json\/wp\/v2\/media?parent=247047"}],"wp:term":[{"taxonomy":"category","embeddable":true,"href":"https:\/\/rnoticias.com.mx\/Portal\/wp-json\/wp\/v2\/categories?post=247047"},{"taxonomy":"post_tag","embeddable":true,"href":"https:\/\/rnoticias.com.mx\/Portal\/wp-json\/wp\/v2\/tags?post=247047"}],"curies":[{"name":"wp","href":"https:\/\/api.w.org\/{rel}","templated":true}]}}