{"id":246948,"date":"2026-02-26T21:17:10","date_gmt":"2026-02-27T04:17:10","guid":{"rendered":"https:\/\/rnoticias.com.mx\/Portal\/?p=246948"},"modified":"2026-02-26T21:17:10","modified_gmt":"2026-02-27T04:17:10","slug":"personas-adultas-mayores-de-cedam-hermosillo-fortalecen-valores-a-traves-del-arte","status":"publish","type":"post","link":"https:\/\/rnoticias.com.mx\/Portal\/2026\/02\/26\/personas-adultas-mayores-de-cedam-hermosillo-fortalecen-valores-a-traves-del-arte\/","title":{"rendered":"Personas adultas mayores de CEDAM Hermosillo fortalecen valores a trav\u00e9s del arte"},"content":{"rendered":"<p>Hermosillo, Sonora; 26 de febrero de 2026.\u2013 El Gobierno de Sonora, a trav\u00e9s del Instituto Sonorense para la Atenci\u00f3n de los Adultos Mayores (ISAAM), inform\u00f3 que las personas adultas mayores del CEDAM Hermosillo participaron, junto al personal y alumnos practicantes universitarios, en la elaboraci\u00f3n de un cuadro colaborativo enfocado en la representaci\u00f3n de los derechos humanos.<\/p>\n<p>Previamente, se les brind\u00f3 una pl\u00e1tica informativa sobre la importancia de los derechos humanos, promoviendo la reflexi\u00f3n y el conocimiento de sus principios fundamentales.<\/p>\n<p>A trav\u00e9s de esta actividad art\u00edstica, cada participante plasm\u00f3 su interpretaci\u00f3n personal, tomando en cuenta los derechos humanos como eje principal de la din\u00e1mica, fomentando el respeto, la inclusi\u00f3n y la expresi\u00f3n creativa.<\/p>\n<p>Asimismo, la actividad fortaleci\u00f3 valores y promovi\u00f3 la convivencia y los v\u00ednculos entre las personas adultas mayores y la comunidad educativa.<\/p>\n<p>Estas acciones forman parte de las actividades integrales que impulsan el bienestar emocional, social y cultural de las personas adultas mayores, promoviendo espacios de participaci\u00f3n activa y aprendizaje compartido.<\/p>\n<p>Este tipo de actividades favorece el bienestar de las personas adultas mayores al estimular la creatividad, fortalecer la memoria y promover la participaci\u00f3n activa. La combinaci\u00f3n de aprendizaje y expresi\u00f3n art\u00edstica contribuye al desarrollo emocional y social, reforzando la autoestima, el sentido de pertenencia y la convivencia en un ambiente de respeto y colaboraci\u00f3n.<\/p>\n<p>Con el respaldo del Gobierno de Sonora, el ISAAM refrenda su compromiso de continuar generando alianzas estrat\u00e9gicas que contribuyan a consolidar una sociedad m\u00e1s incluyente, solidaria y con mayores oportunidades para este sector de la poblaci\u00f3n.<\/p>\n","protected":false},"excerpt":{"rendered":"<p>Hermosillo, Sonora; 26 de febrero de 2026.\u2013 El Gobierno de Sonora, a trav\u00e9s del Instituto Sonorense para la Atenci\u00f3n de los Adultos Mayores (ISAAM), inform\u00f3 que las personas adultas mayores del CEDAM Hermosillo participaron, junto al personal y alumnos practicantes universitarios, en la elaboraci\u00f3n de un cuadro colaborativo enfocado en la representaci\u00f3n de los derechos [&hellip;]<\/p>\n","protected":false},"author":2,"featured_media":246949,"comment_status":"closed","ping_status":"closed","sticky":false,"template":"","format":"standard","meta":{"footnotes":""},"categories":[178],"tags":[12869],"class_list":["post-246948","post","type-post","status-publish","format-standard","has-post-thumbnail","hentry","category-local","tag-local"],"jetpack_featured_media_url":"https:\/\/rnoticias.com.mx\/Portal\/wp-content\/uploads\/2026\/02\/unnamed-1-35.jpg","amp_enabled":true,"_links":{"self":[{"href":"https:\/\/rnoticias.com.mx\/Portal\/wp-json\/wp\/v2\/posts\/246948","targetHints":{"allow":["GET"]}}],"collection":[{"href":"https:\/\/rnoticias.com.mx\/Portal\/wp-json\/wp\/v2\/posts"}],"about":[{"href":"https:\/\/rnoticias.com.mx\/Portal\/wp-json\/wp\/v2\/types\/post"}],"author":[{"embeddable":true,"href":"https:\/\/rnoticias.com.mx\/Portal\/wp-json\/wp\/v2\/users\/2"}],"replies":[{"embeddable":true,"href":"https:\/\/rnoticias.com.mx\/Portal\/wp-json\/wp\/v2\/comments?post=246948"}],"version-history":[{"count":1,"href":"https:\/\/rnoticias.com.mx\/Portal\/wp-json\/wp\/v2\/posts\/246948\/revisions"}],"predecessor-version":[{"id":246950,"href":"https:\/\/rnoticias.com.mx\/Portal\/wp-json\/wp\/v2\/posts\/246948\/revisions\/246950"}],"wp:featuredmedia":[{"embeddable":true,"href":"https:\/\/rnoticias.com.mx\/Portal\/wp-json\/wp\/v2\/media\/246949"}],"wp:attachment":[{"href":"https:\/\/rnoticias.com.mx\/Portal\/wp-json\/wp\/v2\/media?parent=246948"}],"wp:term":[{"taxonomy":"category","embeddable":true,"href":"https:\/\/rnoticias.com.mx\/Portal\/wp-json\/wp\/v2\/categories?post=246948"},{"taxonomy":"post_tag","embeddable":true,"href":"https:\/\/rnoticias.com.mx\/Portal\/wp-json\/wp\/v2\/tags?post=246948"}],"curies":[{"name":"wp","href":"https:\/\/api.w.org\/{rel}","templated":true}]}}