{"id":246945,"date":"2026-02-26T21:16:04","date_gmt":"2026-02-27T04:16:04","guid":{"rendered":"https:\/\/rnoticias.com.mx\/Portal\/?p=246945"},"modified":"2026-02-26T21:16:04","modified_gmt":"2026-02-27T04:16:04","slug":"gobierno-de-sonora-abre-inscripciones-en-icatson-para-abril-junio","status":"publish","type":"post","link":"https:\/\/rnoticias.com.mx\/Portal\/2026\/02\/26\/gobierno-de-sonora-abre-inscripciones-en-icatson-para-abril-junio\/","title":{"rendered":"Gobierno de Sonora abre inscripciones en Icatson para abril\u2013junio"},"content":{"rendered":"<p>Hermosillo, Sonora; 26 de febrero de 2026.\u2013 El Gobierno de Sonora, a trav\u00e9s del Instituto de Capacitaci\u00f3n para el Trabajo del Estado de Sonora (Icatson), iniciar\u00e1 el pr\u00f3ximo lunes 2 de marzo su periodo de inscripciones correspondiente al periodo abril\u2013junio.<\/p>\n<p>Con 28 especialidades disponibles en todo el estado, el Icatson ofrece a la poblaci\u00f3n la oportunidad de desarrollarse en distintas \u00e1reas de formaci\u00f3n como ingl\u00e9s, inform\u00e1tica, administraci\u00f3n, mecatr\u00f3nica, contabilidad, administraci\u00f3n, alimentos y bebidas, carpinter\u00eda, lenguaje de se\u00f1as mexicano, entre otras, que responden a las necesidades del sector productivo regional.<\/p>\n<p>La instituci\u00f3n cuenta con siete planteles y m\u00e1s de 42 extramuros distribuidos en Sonora, lo que permite acercar la capacitaci\u00f3n a m\u00e1s personas. La oferta educativa est\u00e1 dise\u00f1ada para quienes desean adquirir habilidades que faciliten su inserci\u00f3n al campo laboral, as\u00ed como para quienes buscan impulsar la econom\u00eda familiar a trav\u00e9s del aprendizaje de un oficio.<\/p>\n<p>Los cursos tienen un costo accesible desde 600 pesos por trimestre, lo que facilita que m\u00e1s personas puedan acceder a una capacitaci\u00f3n de calidad y mejorar sus oportunidades de empleo o autoempleo.<\/p>\n<p>Con esta nueva convocatoria, el Icatson reafirma su compromiso de formar talento y abrir oportunidades de crecimiento para las y los sonorenses.<\/p>\n","protected":false},"excerpt":{"rendered":"<p>Hermosillo, Sonora; 26 de febrero de 2026.\u2013 El Gobierno de Sonora, a trav\u00e9s del Instituto de Capacitaci\u00f3n para el Trabajo del Estado de Sonora (Icatson), iniciar\u00e1 el pr\u00f3ximo lunes 2 de marzo su periodo de inscripciones correspondiente al periodo abril\u2013junio. Con 28 especialidades disponibles en todo el estado, el Icatson ofrece a la poblaci\u00f3n la [&hellip;]<\/p>\n","protected":false},"author":2,"featured_media":246946,"comment_status":"closed","ping_status":"closed","sticky":false,"template":"","format":"standard","meta":{"footnotes":""},"categories":[178],"tags":[12869],"class_list":["post-246945","post","type-post","status-publish","format-standard","has-post-thumbnail","hentry","category-local","tag-local"],"jetpack_featured_media_url":"https:\/\/rnoticias.com.mx\/Portal\/wp-content\/uploads\/2026\/02\/unnamed-75.jpg","amp_enabled":true,"_links":{"self":[{"href":"https:\/\/rnoticias.com.mx\/Portal\/wp-json\/wp\/v2\/posts\/246945","targetHints":{"allow":["GET"]}}],"collection":[{"href":"https:\/\/rnoticias.com.mx\/Portal\/wp-json\/wp\/v2\/posts"}],"about":[{"href":"https:\/\/rnoticias.com.mx\/Portal\/wp-json\/wp\/v2\/types\/post"}],"author":[{"embeddable":true,"href":"https:\/\/rnoticias.com.mx\/Portal\/wp-json\/wp\/v2\/users\/2"}],"replies":[{"embeddable":true,"href":"https:\/\/rnoticias.com.mx\/Portal\/wp-json\/wp\/v2\/comments?post=246945"}],"version-history":[{"count":1,"href":"https:\/\/rnoticias.com.mx\/Portal\/wp-json\/wp\/v2\/posts\/246945\/revisions"}],"predecessor-version":[{"id":246947,"href":"https:\/\/rnoticias.com.mx\/Portal\/wp-json\/wp\/v2\/posts\/246945\/revisions\/246947"}],"wp:featuredmedia":[{"embeddable":true,"href":"https:\/\/rnoticias.com.mx\/Portal\/wp-json\/wp\/v2\/media\/246946"}],"wp:attachment":[{"href":"https:\/\/rnoticias.com.mx\/Portal\/wp-json\/wp\/v2\/media?parent=246945"}],"wp:term":[{"taxonomy":"category","embeddable":true,"href":"https:\/\/rnoticias.com.mx\/Portal\/wp-json\/wp\/v2\/categories?post=246945"},{"taxonomy":"post_tag","embeddable":true,"href":"https:\/\/rnoticias.com.mx\/Portal\/wp-json\/wp\/v2\/tags?post=246945"}],"curies":[{"name":"wp","href":"https:\/\/api.w.org\/{rel}","templated":true}]}}