{"id":246933,"date":"2026-02-26T20:55:34","date_gmt":"2026-02-27T03:55:34","guid":{"rendered":"https:\/\/rnoticias.com.mx\/Portal\/?p=246933"},"modified":"2026-02-26T20:55:34","modified_gmt":"2026-02-27T03:55:34","slug":"fiscalia-descarta-que-fallecimiento-de-estadounidense-haya-sido-violento","status":"publish","type":"post","link":"https:\/\/rnoticias.com.mx\/Portal\/2026\/02\/26\/fiscalia-descarta-que-fallecimiento-de-estadounidense-haya-sido-violento\/","title":{"rendered":"Fiscal\u00eda descarta que fallecimiento de estadounidense haya sido violento"},"content":{"rendered":"<p>Guaymas, Sonora, 26 de febrero de 2026.- En relaci\u00f3n con la localizaci\u00f3n sin vida del ciudadano estadounidense Patrick Joseph Weber, de 71 a\u00f1os de edad, en San Carlos, la Fiscal\u00eda General de Justicia del Estado de Sonora (FGJES), informa que conforme a los resultados de la necropsia de ley, se descarta que su fallecimiento haya sido por causas violentas.<\/p>\n<p>El dictamen m\u00e9dico determin\u00f3 que la muerte se produjo por la ruptura de una arteria principal del cuello, derivada de una condici\u00f3n m\u00e9dica previa y no asociada a violencia.<\/p>\n<p>Asimismo, la equimosis (moret\u00f3n) que presenta en la frente fue consecuencia de una ca\u00edda desde su propia altura y no se encontraron lesiones que indiquen la intervenci\u00f3n de terceras personas.<\/p>\n<p>El hallazgo del cuerpo se realiz\u00f3 en el \u00e1rea de muelles en San Carlos, concretamente sumergido debajo de un velero contiguo al de su propiedad, lugar donde se encontr\u00f3 comida lista para preparar y bebidas alcoh\u00f3licas abiertas, sin ninguna advertencia de violencia.<\/p>\n<p>Esta instituci\u00f3n mantiene comunicaci\u00f3n permanente con el Consulado General de los Estados Unidos de Am\u00e9rica en Hermosillo, para los efectos legales y de asistencia consular correspondiente.<\/p>\n","protected":false},"excerpt":{"rendered":"<p>Guaymas, Sonora, 26 de febrero de 2026.- En relaci\u00f3n con la localizaci\u00f3n sin vida del ciudadano estadounidense Patrick Joseph Weber, de 71 a\u00f1os de edad, en San Carlos, la Fiscal\u00eda General de Justicia del Estado de Sonora (FGJES), informa que conforme a los resultados de la necropsia de ley, se descarta que su fallecimiento haya [&hellip;]<\/p>\n","protected":false},"author":2,"featured_media":246934,"comment_status":"closed","ping_status":"closed","sticky":false,"template":"","format":"standard","meta":{"footnotes":""},"categories":[12870,174],"tags":[12865,12873],"class_list":["post-246933","post","type-post","status-publish","format-standard","has-post-thumbnail","hentry","category-destacadas","category-estatal","tag-destacadas","tag-estatal"],"jetpack_featured_media_url":"https:\/\/rnoticias.com.mx\/Portal\/wp-content\/uploads\/2026\/02\/o3.jpg","amp_enabled":true,"_links":{"self":[{"href":"https:\/\/rnoticias.com.mx\/Portal\/wp-json\/wp\/v2\/posts\/246933","targetHints":{"allow":["GET"]}}],"collection":[{"href":"https:\/\/rnoticias.com.mx\/Portal\/wp-json\/wp\/v2\/posts"}],"about":[{"href":"https:\/\/rnoticias.com.mx\/Portal\/wp-json\/wp\/v2\/types\/post"}],"author":[{"embeddable":true,"href":"https:\/\/rnoticias.com.mx\/Portal\/wp-json\/wp\/v2\/users\/2"}],"replies":[{"embeddable":true,"href":"https:\/\/rnoticias.com.mx\/Portal\/wp-json\/wp\/v2\/comments?post=246933"}],"version-history":[{"count":1,"href":"https:\/\/rnoticias.com.mx\/Portal\/wp-json\/wp\/v2\/posts\/246933\/revisions"}],"predecessor-version":[{"id":246935,"href":"https:\/\/rnoticias.com.mx\/Portal\/wp-json\/wp\/v2\/posts\/246933\/revisions\/246935"}],"wp:featuredmedia":[{"embeddable":true,"href":"https:\/\/rnoticias.com.mx\/Portal\/wp-json\/wp\/v2\/media\/246934"}],"wp:attachment":[{"href":"https:\/\/rnoticias.com.mx\/Portal\/wp-json\/wp\/v2\/media?parent=246933"}],"wp:term":[{"taxonomy":"category","embeddable":true,"href":"https:\/\/rnoticias.com.mx\/Portal\/wp-json\/wp\/v2\/categories?post=246933"},{"taxonomy":"post_tag","embeddable":true,"href":"https:\/\/rnoticias.com.mx\/Portal\/wp-json\/wp\/v2\/tags?post=246933"}],"curies":[{"name":"wp","href":"https:\/\/api.w.org\/{rel}","templated":true}]}}