{"id":246882,"date":"2026-02-26T19:37:27","date_gmt":"2026-02-27T02:37:27","guid":{"rendered":"https:\/\/rnoticias.com.mx\/Portal\/?p=246882"},"modified":"2026-02-26T19:37:27","modified_gmt":"2026-02-27T02:37:27","slug":"puede-haber-relevo-en-la-sspm-de-cajeme-alcalde","status":"publish","type":"post","link":"https:\/\/rnoticias.com.mx\/Portal\/2026\/02\/26\/puede-haber-relevo-en-la-sspm-de-cajeme-alcalde\/","title":{"rendered":"Puede haber relevo en la SSPM de Cajeme: Alcalde"},"content":{"rendered":"<p>En las pr\u00f3ximas horas podr\u00eda anunciarse el cambio en la titularidad de la Secretar\u00eda de Seguridad P\u00fablica Municipal (SSPM), luego de que la Secretar\u00eda de Marina solicitara el relevo del contraalmirante Claudio Cruz Hern\u00e1ndez, como parte de su pol\u00edtica de rotaci\u00f3n de mandos, inform\u00f3 Javier Lamarque Cano.<\/p>\n<p>&nbsp;<\/p>\n<p>El presidente municipal de Cajeme, expuso que la decisi\u00f3n se tomar\u00e1 entre jueves y viernes, y a consecuencia de una decisi\u00f3n de parte de esa instituci\u00f3n federal.<\/p>\n<p>&nbsp;<\/p>\n<p>\u201cCiertamente la Secretar\u00eda de Marina nos est\u00e1 pidiendo relevo del contra almirante,\u00a0porque, bueno, \u00e9l aqu\u00ed ascendi\u00f3 a contra almirante,\u00a0lleg\u00f3 como capit\u00e1n, ascendi\u00f3 a contra almirante por su destacada labor\u00a0y la Secretar\u00eda de Marina tiene, de un lado, requerimientos por su capacidad precisamente\u00a0de atender otra regi\u00f3n en funci\u00f3n de los intereses y la conveniencia de la Marina\u201d, explic\u00f3<\/p>\n<p>&nbsp;<\/p>\n<p>Finalmente, a\u00f1adi\u00f3, que personalmente ha solicitado la permanencia del contra almirante Cruz Hern\u00e1ndez, aunque la determinaci\u00f3n final corresponder\u00e1 \u00fanicamente a los altos mandos de la Marina.<\/p>\n","protected":false},"excerpt":{"rendered":"<p>En las pr\u00f3ximas horas podr\u00eda anunciarse el cambio en la titularidad de la Secretar\u00eda de Seguridad P\u00fablica Municipal (SSPM), luego de que la Secretar\u00eda de Marina solicitara el relevo del contraalmirante Claudio Cruz Hern\u00e1ndez, como parte de su pol\u00edtica de rotaci\u00f3n de mandos, inform\u00f3 Javier Lamarque Cano. &nbsp; El presidente municipal de Cajeme, expuso que [&hellip;]<\/p>\n","protected":false},"author":2,"featured_media":246883,"comment_status":"closed","ping_status":"closed","sticky":false,"template":"","format":"standard","meta":{"footnotes":""},"categories":[12870,174],"tags":[12865,12873],"class_list":["post-246882","post","type-post","status-publish","format-standard","has-post-thumbnail","hentry","category-destacadas","category-estatal","tag-destacadas","tag-estatal"],"jetpack_featured_media_url":"https:\/\/rnoticias.com.mx\/Portal\/wp-content\/uploads\/2026\/02\/alcalde-1-9027f9d0-focus-0-0-1280-720.webp","amp_enabled":true,"_links":{"self":[{"href":"https:\/\/rnoticias.com.mx\/Portal\/wp-json\/wp\/v2\/posts\/246882","targetHints":{"allow":["GET"]}}],"collection":[{"href":"https:\/\/rnoticias.com.mx\/Portal\/wp-json\/wp\/v2\/posts"}],"about":[{"href":"https:\/\/rnoticias.com.mx\/Portal\/wp-json\/wp\/v2\/types\/post"}],"author":[{"embeddable":true,"href":"https:\/\/rnoticias.com.mx\/Portal\/wp-json\/wp\/v2\/users\/2"}],"replies":[{"embeddable":true,"href":"https:\/\/rnoticias.com.mx\/Portal\/wp-json\/wp\/v2\/comments?post=246882"}],"version-history":[{"count":1,"href":"https:\/\/rnoticias.com.mx\/Portal\/wp-json\/wp\/v2\/posts\/246882\/revisions"}],"predecessor-version":[{"id":246884,"href":"https:\/\/rnoticias.com.mx\/Portal\/wp-json\/wp\/v2\/posts\/246882\/revisions\/246884"}],"wp:featuredmedia":[{"embeddable":true,"href":"https:\/\/rnoticias.com.mx\/Portal\/wp-json\/wp\/v2\/media\/246883"}],"wp:attachment":[{"href":"https:\/\/rnoticias.com.mx\/Portal\/wp-json\/wp\/v2\/media?parent=246882"}],"wp:term":[{"taxonomy":"category","embeddable":true,"href":"https:\/\/rnoticias.com.mx\/Portal\/wp-json\/wp\/v2\/categories?post=246882"},{"taxonomy":"post_tag","embeddable":true,"href":"https:\/\/rnoticias.com.mx\/Portal\/wp-json\/wp\/v2\/tags?post=246882"}],"curies":[{"name":"wp","href":"https:\/\/api.w.org\/{rel}","templated":true}]}}