{"id":246879,"date":"2026-02-26T19:36:29","date_gmt":"2026-02-27T02:36:29","guid":{"rendered":"https:\/\/rnoticias.com.mx\/Portal\/?p=246879"},"modified":"2026-02-26T19:36:29","modified_gmt":"2026-02-27T02:36:29","slug":"autoridades-aclaran-caso-viral-de-privacion-en-nogales","status":"publish","type":"post","link":"https:\/\/rnoticias.com.mx\/Portal\/2026\/02\/26\/autoridades-aclaran-caso-viral-de-privacion-en-nogales\/","title":{"rendered":"Autoridades aclaran caso viral de privaci\u00f3n en Nogales"},"content":{"rendered":"<p>Autoridades confirmaron la privaci\u00f3n ilegal de la libertad de un hombre en la colonia Las Torres, en Nogales, cuyo caso se difundi\u00f3 en redes sociales, as\u00ed lo dio a conocer Juan Gim Nogales.<\/p>\n<p>&nbsp;<\/p>\n<p>El alcalde de Nogales, explic\u00f3 que el hecho fue analizado en la mesa de seguridad y se determin\u00f3 que se trat\u00f3 de un conflicto entre grupos delictivos.<\/p>\n<p>&nbsp;<\/p>\n<p>\u201cPero si el llamado en la alerta roja es como una privaci\u00f3n de la libertad, sin embargo, hay que decirlo porque hoy hablaba con los empresarios, me preguntaban sobre ese acontecimiento y yo les dec\u00eda que, si fue asi, pero es algo como una burbuja que est\u00e1 pasando entre ciertos sectores que no tienen que ver nada con la vida del ciudadano com\u00fan ni con el sector empresarial\u201d, dijo.<\/p>\n<p>&nbsp;<\/p>\n<p>Finalmente, reiter\u00f3, que ese evento fue aislado, sin riesgo para la poblaci\u00f3n o el sector empresarial, y asegur\u00f3 que su administraci\u00f3n mantendr\u00e1 la transparencia para informar a la ciudadan\u00eda ante cualquier situaci\u00f3n relevante.<\/p>\n<p>&nbsp;<\/p>\n","protected":false},"excerpt":{"rendered":"<p>Autoridades confirmaron la privaci\u00f3n ilegal de la libertad de un hombre en la colonia Las Torres, en Nogales, cuyo caso se difundi\u00f3 en redes sociales, as\u00ed lo dio a conocer Juan Gim Nogales. &nbsp; El alcalde de Nogales, explic\u00f3 que el hecho fue analizado en la mesa de seguridad y se determin\u00f3 que se trat\u00f3 [&hellip;]<\/p>\n","protected":false},"author":2,"featured_media":246880,"comment_status":"closed","ping_status":"closed","sticky":false,"template":"","format":"standard","meta":{"footnotes":""},"categories":[12870,174],"tags":[12865,12873],"class_list":["post-246879","post","type-post","status-publish","format-standard","has-post-thumbnail","hentry","category-destacadas","category-estatal","tag-destacadas","tag-estatal"],"jetpack_featured_media_url":"https:\/\/rnoticias.com.mx\/Portal\/wp-content\/uploads\/2026\/02\/641568701_1343368074483379_3608214305198916901_n.jpg","amp_enabled":true,"_links":{"self":[{"href":"https:\/\/rnoticias.com.mx\/Portal\/wp-json\/wp\/v2\/posts\/246879","targetHints":{"allow":["GET"]}}],"collection":[{"href":"https:\/\/rnoticias.com.mx\/Portal\/wp-json\/wp\/v2\/posts"}],"about":[{"href":"https:\/\/rnoticias.com.mx\/Portal\/wp-json\/wp\/v2\/types\/post"}],"author":[{"embeddable":true,"href":"https:\/\/rnoticias.com.mx\/Portal\/wp-json\/wp\/v2\/users\/2"}],"replies":[{"embeddable":true,"href":"https:\/\/rnoticias.com.mx\/Portal\/wp-json\/wp\/v2\/comments?post=246879"}],"version-history":[{"count":1,"href":"https:\/\/rnoticias.com.mx\/Portal\/wp-json\/wp\/v2\/posts\/246879\/revisions"}],"predecessor-version":[{"id":246881,"href":"https:\/\/rnoticias.com.mx\/Portal\/wp-json\/wp\/v2\/posts\/246879\/revisions\/246881"}],"wp:featuredmedia":[{"embeddable":true,"href":"https:\/\/rnoticias.com.mx\/Portal\/wp-json\/wp\/v2\/media\/246880"}],"wp:attachment":[{"href":"https:\/\/rnoticias.com.mx\/Portal\/wp-json\/wp\/v2\/media?parent=246879"}],"wp:term":[{"taxonomy":"category","embeddable":true,"href":"https:\/\/rnoticias.com.mx\/Portal\/wp-json\/wp\/v2\/categories?post=246879"},{"taxonomy":"post_tag","embeddable":true,"href":"https:\/\/rnoticias.com.mx\/Portal\/wp-json\/wp\/v2\/tags?post=246879"}],"curies":[{"name":"wp","href":"https:\/\/api.w.org\/{rel}","templated":true}]}}