{"id":246876,"date":"2026-02-26T19:34:22","date_gmt":"2026-02-27T02:34:22","guid":{"rendered":"https:\/\/rnoticias.com.mx\/Portal\/?p=246876"},"modified":"2026-02-26T19:34:22","modified_gmt":"2026-02-27T02:34:22","slug":"avanza-obra-del-malecon-turistico-en-playas-del-cochorit-luis-fuentes","status":"publish","type":"post","link":"https:\/\/rnoticias.com.mx\/Portal\/2026\/02\/26\/avanza-obra-del-malecon-turistico-en-playas-del-cochorit-luis-fuentes\/","title":{"rendered":"Avanza obra del malec\u00f3n tur\u00edstico en playas del Coch\u00f3rit: Luis Fuentes"},"content":{"rendered":"<p>La construcci\u00f3n del malec\u00f3n tur\u00edstico en playas del Coch\u00f3rit registra avances importantes y promete convertirse en un nuevo atractivo para Empalme, inform\u00f3 Luis Fuentes.<\/p>\n<p>&nbsp;<\/p>\n<p>El presidente municipal de Empalme, record\u00f3 que ese proyecto fue impulsado por el gobernador Alfonso Durazo Monta\u00f1o y quien respald\u00f3 la obra como parte del fortalecimiento tur\u00edstico del litoral sonorense.<\/p>\n<p>&nbsp;<\/p>\n<p>\u201cY aqu\u00ed est\u00e1\u00a0la respuesta para todos los empalmenses, este malec\u00f3n indudablemente va a venir a darnos\u00a0derrama econ\u00f3mica, a dar fuentes de empleo, mayor visita de gente de otros estados y de otro pa\u00eds. En la Semana Santa pues simplemente como se abarrota esta playa imag\u00ednense ahora con este\u00a0malec\u00f3n\u201d, coment\u00f3.<\/p>\n<p>&nbsp;<\/p>\n<p>El alcalde de Empalme, inorm\u00f3 que los trabajos presentan alrededor del 75% de avance, con pavimentaci\u00f3n y guarniciones concluidas y progreso en ciclov\u00edas y escalinatas. Se\u00f1al\u00f3 que el espacio beneficiar\u00e1 tambi\u00e9n a visitantes de Guaymas y fortalecer\u00e1 el desarrollo tur\u00edstico regional.<\/p>\n","protected":false},"excerpt":{"rendered":"<p>La construcci\u00f3n del malec\u00f3n tur\u00edstico en playas del Coch\u00f3rit registra avances importantes y promete convertirse en un nuevo atractivo para Empalme, inform\u00f3 Luis Fuentes. &nbsp; El presidente municipal de Empalme, record\u00f3 que ese proyecto fue impulsado por el gobernador Alfonso Durazo Monta\u00f1o y quien respald\u00f3 la obra como parte del fortalecimiento tur\u00edstico del litoral sonorense. [&hellip;]<\/p>\n","protected":false},"author":2,"featured_media":246877,"comment_status":"closed","ping_status":"closed","sticky":false,"template":"","format":"standard","meta":{"footnotes":""},"categories":[12870,174],"tags":[12865,12873],"class_list":["post-246876","post","type-post","status-publish","format-standard","has-post-thumbnail","hentry","category-destacadas","category-estatal","tag-destacadas","tag-estatal"],"jetpack_featured_media_url":"https:\/\/rnoticias.com.mx\/Portal\/wp-content\/uploads\/2026\/02\/inician-trabajos-de-construccion-del-malecon-turistico-en-playa-el-cochorit-685614.jpg","amp_enabled":true,"_links":{"self":[{"href":"https:\/\/rnoticias.com.mx\/Portal\/wp-json\/wp\/v2\/posts\/246876","targetHints":{"allow":["GET"]}}],"collection":[{"href":"https:\/\/rnoticias.com.mx\/Portal\/wp-json\/wp\/v2\/posts"}],"about":[{"href":"https:\/\/rnoticias.com.mx\/Portal\/wp-json\/wp\/v2\/types\/post"}],"author":[{"embeddable":true,"href":"https:\/\/rnoticias.com.mx\/Portal\/wp-json\/wp\/v2\/users\/2"}],"replies":[{"embeddable":true,"href":"https:\/\/rnoticias.com.mx\/Portal\/wp-json\/wp\/v2\/comments?post=246876"}],"version-history":[{"count":1,"href":"https:\/\/rnoticias.com.mx\/Portal\/wp-json\/wp\/v2\/posts\/246876\/revisions"}],"predecessor-version":[{"id":246878,"href":"https:\/\/rnoticias.com.mx\/Portal\/wp-json\/wp\/v2\/posts\/246876\/revisions\/246878"}],"wp:featuredmedia":[{"embeddable":true,"href":"https:\/\/rnoticias.com.mx\/Portal\/wp-json\/wp\/v2\/media\/246877"}],"wp:attachment":[{"href":"https:\/\/rnoticias.com.mx\/Portal\/wp-json\/wp\/v2\/media?parent=246876"}],"wp:term":[{"taxonomy":"category","embeddable":true,"href":"https:\/\/rnoticias.com.mx\/Portal\/wp-json\/wp\/v2\/categories?post=246876"},{"taxonomy":"post_tag","embeddable":true,"href":"https:\/\/rnoticias.com.mx\/Portal\/wp-json\/wp\/v2\/tags?post=246876"}],"curies":[{"name":"wp","href":"https:\/\/api.w.org\/{rel}","templated":true}]}}