{"id":246867,"date":"2026-02-26T18:09:02","date_gmt":"2026-02-27T01:09:02","guid":{"rendered":"https:\/\/rnoticias.com.mx\/Portal\/?p=246867"},"modified":"2026-02-26T18:09:02","modified_gmt":"2026-02-27T01:09:02","slug":"llama-infonavit-sonora-a-revisar-ahorros-para-no-perder-credito","status":"publish","type":"post","link":"https:\/\/rnoticias.com.mx\/Portal\/2026\/02\/26\/llama-infonavit-sonora-a-revisar-ahorros-para-no-perder-credito\/","title":{"rendered":"Llama Infonavit Sonora a revisar ahorros para no perder cr\u00e9dito"},"content":{"rendered":"<p>Hermosillo, Sonora. El Gobierno de Sonora, en coordinaci\u00f3n con la administraci\u00f3n federal, proyecta la construcci\u00f3n de hasta 65 mil viviendas en la entidad durante el presente sexenio, por lo que autoridades exhortaron a los trabajadores a revisar que cuenten con las aportaciones necesarias para acceder a un cr\u00e9dito.<\/p>\n<p>&nbsp;<\/p>\n<p>El delegado del Instituto del Fondo Nacional de la Vivienda para los Trabajadores en la entidad, Jorge Borb\u00f3n, record\u00f3 que es indispensable que los empleadores depositen el 5 % del salario de cada trabajador como parte de su ahorro para vivienda.<\/p>\n<p>&nbsp;<\/p>\n<p>\u201cLos derechohabientes pueden verificar el cumplimiento de esta obligaci\u00f3n a trav\u00e9s del portal oficial cuentainfonavit.org.mx, donde \u00fanicamente deben registrarse con su RFC, CURP y N\u00famero de Seguridad Social, adem\u00e1s de proporcionar un correo electr\u00f3nico y tel\u00e9fono de contacto\u201d, dijo.<\/p>\n<p>&nbsp;<\/p>\n<p>A\u00f1adi\u00f3, que en caso de detectar inconsistencias, pueden acudir a cualquiera de las oficinas del instituto en San Luis R\u00edo Colorado, Nogales, Hermosillo, Guaymas y Ciudad Obreg\u00f3n para recibir asesor\u00eda y presentar el reporte correspondiente.<\/p>\n<p>&nbsp;<\/p>\n","protected":false},"excerpt":{"rendered":"<p>Hermosillo, Sonora. El Gobierno de Sonora, en coordinaci\u00f3n con la administraci\u00f3n federal, proyecta la construcci\u00f3n de hasta 65 mil viviendas en la entidad durante el presente sexenio, por lo que autoridades exhortaron a los trabajadores a revisar que cuenten con las aportaciones necesarias para acceder a un cr\u00e9dito. &nbsp; El delegado del Instituto del Fondo [&hellip;]<\/p>\n","protected":false},"author":2,"featured_media":246868,"comment_status":"closed","ping_status":"closed","sticky":false,"template":"","format":"standard","meta":{"footnotes":""},"categories":[12870,178],"tags":[12865,12869],"class_list":["post-246867","post","type-post","status-publish","format-standard","has-post-thumbnail","hentry","category-destacadas","category-local","tag-destacadas","tag-local"],"jetpack_featured_media_url":"https:\/\/rnoticias.com.mx\/Portal\/wp-content\/uploads\/2026\/02\/f960x540-302910_376985_5050.webp","amp_enabled":true,"_links":{"self":[{"href":"https:\/\/rnoticias.com.mx\/Portal\/wp-json\/wp\/v2\/posts\/246867","targetHints":{"allow":["GET"]}}],"collection":[{"href":"https:\/\/rnoticias.com.mx\/Portal\/wp-json\/wp\/v2\/posts"}],"about":[{"href":"https:\/\/rnoticias.com.mx\/Portal\/wp-json\/wp\/v2\/types\/post"}],"author":[{"embeddable":true,"href":"https:\/\/rnoticias.com.mx\/Portal\/wp-json\/wp\/v2\/users\/2"}],"replies":[{"embeddable":true,"href":"https:\/\/rnoticias.com.mx\/Portal\/wp-json\/wp\/v2\/comments?post=246867"}],"version-history":[{"count":1,"href":"https:\/\/rnoticias.com.mx\/Portal\/wp-json\/wp\/v2\/posts\/246867\/revisions"}],"predecessor-version":[{"id":246869,"href":"https:\/\/rnoticias.com.mx\/Portal\/wp-json\/wp\/v2\/posts\/246867\/revisions\/246869"}],"wp:featuredmedia":[{"embeddable":true,"href":"https:\/\/rnoticias.com.mx\/Portal\/wp-json\/wp\/v2\/media\/246868"}],"wp:attachment":[{"href":"https:\/\/rnoticias.com.mx\/Portal\/wp-json\/wp\/v2\/media?parent=246867"}],"wp:term":[{"taxonomy":"category","embeddable":true,"href":"https:\/\/rnoticias.com.mx\/Portal\/wp-json\/wp\/v2\/categories?post=246867"},{"taxonomy":"post_tag","embeddable":true,"href":"https:\/\/rnoticias.com.mx\/Portal\/wp-json\/wp\/v2\/tags?post=246867"}],"curies":[{"name":"wp","href":"https:\/\/api.w.org\/{rel}","templated":true}]}}