{"id":246861,"date":"2026-02-26T18:07:31","date_gmt":"2026-02-27T01:07:31","guid":{"rendered":"https:\/\/rnoticias.com.mx\/Portal\/?p=246861"},"modified":"2026-02-26T18:07:31","modified_gmt":"2026-02-27T01:07:31","slug":"proyecta-sec-nueva-preparatoria-federalizada-al-sur-de-hermosillo","status":"publish","type":"post","link":"https:\/\/rnoticias.com.mx\/Portal\/2026\/02\/26\/proyecta-sec-nueva-preparatoria-federalizada-al-sur-de-hermosillo\/","title":{"rendered":"Proyecta SEC nueva preparatoria federalizada al sur de Hermosillo"},"content":{"rendered":"<p>Hermosillo, Sonora. La Secretar\u00eda de Educaci\u00f3n y Cultura de Sonora confirm\u00f3 que ya dispone del terreno donde se edificar\u00e1 un nuevo plantel de bachillerato federalizado en el sur de Hermosillo, proyecto que permitir\u00e1 ampliar la oferta educativa para j\u00f3venes de ese sector de la capital.<\/p>\n<p>&nbsp;<\/p>\n<p>El titular de la dependencia, Froyl\u00e1n G\u00e1mez Gamboa, inform\u00f3 que la nueva preparatoria tendr\u00e1 capacidad para 900 estudiantes y forma parte de la estrategia para acercar los servicios educativos a las colonias del sur, con el objetivo de reducir factores que inciden en la deserci\u00f3n escolar.<\/p>\n<p>&nbsp;<\/p>\n<p>\u201cAunque actualmente existen espacios disponibles en otros planteles de nivel medio superior en la ciudad, se busca equilibrar la infraestructura para evitar traslados largos que representen un obst\u00e1culo para las familias\u201d, extern\u00f3.<\/p>\n<p>&nbsp;<\/p>\n<p>Argument\u00f3, que el subsistema ser\u00e1 federalizado y que la meta es que el plantel pueda iniciar operaciones en septiembre de 2027, aunque la fecha de arranque de obra a\u00fan no se ha definido.<\/p>\n<p>&nbsp;<\/p>\n<p>Por \u00faltimo, el funcionario declar\u00f3 que con este proyecto, la autoridad educativa estatal pretende fortalecer la cobertura y brindar mayores oportunidades de continuidad acad\u00e9mica a estudiantes que egresan de secundaria en el sur de la ciudad.<\/p>\n<p>&nbsp;<\/p>\n","protected":false},"excerpt":{"rendered":"<p>Hermosillo, Sonora. La Secretar\u00eda de Educaci\u00f3n y Cultura de Sonora confirm\u00f3 que ya dispone del terreno donde se edificar\u00e1 un nuevo plantel de bachillerato federalizado en el sur de Hermosillo, proyecto que permitir\u00e1 ampliar la oferta educativa para j\u00f3venes de ese sector de la capital. &nbsp; El titular de la dependencia, Froyl\u00e1n G\u00e1mez Gamboa, inform\u00f3 [&hellip;]<\/p>\n","protected":false},"author":2,"featured_media":246862,"comment_status":"closed","ping_status":"closed","sticky":false,"template":"","format":"standard","meta":{"footnotes":""},"categories":[12870,178],"tags":[12865,12869],"class_list":["post-246861","post","type-post","status-publish","format-standard","has-post-thumbnail","hentry","category-destacadas","category-local","tag-destacadas","tag-local"],"jetpack_featured_media_url":"https:\/\/rnoticias.com.mx\/Portal\/wp-content\/uploads\/2026\/02\/Colegio-De-Estudios-Cientificos-Y-Tecnologicos-Unidad-Hermosillo-Ii.png","amp_enabled":true,"_links":{"self":[{"href":"https:\/\/rnoticias.com.mx\/Portal\/wp-json\/wp\/v2\/posts\/246861","targetHints":{"allow":["GET"]}}],"collection":[{"href":"https:\/\/rnoticias.com.mx\/Portal\/wp-json\/wp\/v2\/posts"}],"about":[{"href":"https:\/\/rnoticias.com.mx\/Portal\/wp-json\/wp\/v2\/types\/post"}],"author":[{"embeddable":true,"href":"https:\/\/rnoticias.com.mx\/Portal\/wp-json\/wp\/v2\/users\/2"}],"replies":[{"embeddable":true,"href":"https:\/\/rnoticias.com.mx\/Portal\/wp-json\/wp\/v2\/comments?post=246861"}],"version-history":[{"count":1,"href":"https:\/\/rnoticias.com.mx\/Portal\/wp-json\/wp\/v2\/posts\/246861\/revisions"}],"predecessor-version":[{"id":246863,"href":"https:\/\/rnoticias.com.mx\/Portal\/wp-json\/wp\/v2\/posts\/246861\/revisions\/246863"}],"wp:featuredmedia":[{"embeddable":true,"href":"https:\/\/rnoticias.com.mx\/Portal\/wp-json\/wp\/v2\/media\/246862"}],"wp:attachment":[{"href":"https:\/\/rnoticias.com.mx\/Portal\/wp-json\/wp\/v2\/media?parent=246861"}],"wp:term":[{"taxonomy":"category","embeddable":true,"href":"https:\/\/rnoticias.com.mx\/Portal\/wp-json\/wp\/v2\/categories?post=246861"},{"taxonomy":"post_tag","embeddable":true,"href":"https:\/\/rnoticias.com.mx\/Portal\/wp-json\/wp\/v2\/tags?post=246861"}],"curies":[{"name":"wp","href":"https:\/\/api.w.org\/{rel}","templated":true}]}}