{"id":246855,"date":"2026-02-26T17:58:04","date_gmt":"2026-02-27T00:58:04","guid":{"rendered":"https:\/\/rnoticias.com.mx\/Portal\/?p=246855"},"modified":"2026-02-26T17:58:04","modified_gmt":"2026-02-27T00:58:04","slug":"invita-gobierno-de-sonora-a-la-proxima-edicion-del-mercadito-emprendedor-setur","status":"publish","type":"post","link":"https:\/\/rnoticias.com.mx\/Portal\/2026\/02\/26\/invita-gobierno-de-sonora-a-la-proxima-edicion-del-mercadito-emprendedor-setur\/","title":{"rendered":"Invita Gobierno de Sonora a la pr\u00f3xima edici\u00f3n del Mercadito Emprendedor: SETUR"},"content":{"rendered":"<p>Hermosillo, Sonora; 26 de febrero de 2026.\u2013 Con el objetivo de impulsar el talento, la creatividad y la fuerza productiva de mujeres emprendedoras y microempresarias, el Gobierno de Sonora, a trav\u00e9s de la Secretar\u00eda de Econom\u00eda y Turismo (SETUR), invita a la ciudadan\u00eda a participar en la pr\u00f3xima edici\u00f3n del Mercadito Emprendedor el 28 de febrero y 1 de marzo del presente a\u00f1o.<\/p>\n<p>En punto de las 18:00 horas, en la Plaza Bicentenario en Hermosillo, participar\u00e1n cerca de 50 emprendedoras provenientes de distintos municipios del estado, con productos como artesan\u00edas tradicionales y contempor\u00e1neas, joyer\u00eda artesanal, accesorios, alimentos caseros y productos regionales, cer\u00e1mica, textiles, postres, salsas, regalos, entre muchas cosas m\u00e1s.<\/p>\n<p>El secretario de Econom\u00eda y Turismo, Roberto Gradillas Pineda, destac\u00f3 que la participaci\u00f3n de las emprendedoras y\/o microempresarias que forman parte de la Red de Mujeres integra a m\u00e1s de 500 mujeres en todo Sonora y contin\u00faa creciendo, fortaleciendo su econom\u00eda y oportunidades de desarrollo.<\/p>\n<p>\u201cGracias al respaldo de nuestro gobernador, Alfonso Durazo, el Mercadito Emprendedor se ha consolidado como mucho m\u00e1s que un espacio de venta; es un punto de encuentro que impulsa el consumo local y fortalece el desarrollo econ\u00f3mico con perspectiva de g\u00e9nero. Seguiremos trabajando por un Sonora m\u00e1s equitativo, con mayores oportunidades para todas y todos\u201d, indic\u00f3.<\/p>\n<p>La Secretar\u00eda de Econom\u00eda y Turismo del Estado de Sonora reitera la invitaci\u00f3n a apoyar el talento local y ser parte de este movimiento que impulsa el crecimiento de las mujeres emprendedoras de Sonora, como parte de las actividades del Centro de Mujeres.<\/p>\n","protected":false},"excerpt":{"rendered":"<p>Hermosillo, Sonora; 26 de febrero de 2026.\u2013 Con el objetivo de impulsar el talento, la creatividad y la fuerza productiva de mujeres emprendedoras y microempresarias, el Gobierno de Sonora, a trav\u00e9s de la Secretar\u00eda de Econom\u00eda y Turismo (SETUR), invita a la ciudadan\u00eda a participar en la pr\u00f3xima edici\u00f3n del Mercadito Emprendedor el 28 de [&hellip;]<\/p>\n","protected":false},"author":2,"featured_media":246856,"comment_status":"closed","ping_status":"closed","sticky":false,"template":"","format":"standard","meta":{"footnotes":""},"categories":[12870,178],"tags":[12865,12869],"class_list":["post-246855","post","type-post","status-publish","format-standard","has-post-thumbnail","hentry","category-destacadas","category-local","tag-destacadas","tag-local"],"jetpack_featured_media_url":"https:\/\/rnoticias.com.mx\/Portal\/wp-content\/uploads\/2026\/02\/unnamed-74.jpg","amp_enabled":true,"_links":{"self":[{"href":"https:\/\/rnoticias.com.mx\/Portal\/wp-json\/wp\/v2\/posts\/246855","targetHints":{"allow":["GET"]}}],"collection":[{"href":"https:\/\/rnoticias.com.mx\/Portal\/wp-json\/wp\/v2\/posts"}],"about":[{"href":"https:\/\/rnoticias.com.mx\/Portal\/wp-json\/wp\/v2\/types\/post"}],"author":[{"embeddable":true,"href":"https:\/\/rnoticias.com.mx\/Portal\/wp-json\/wp\/v2\/users\/2"}],"replies":[{"embeddable":true,"href":"https:\/\/rnoticias.com.mx\/Portal\/wp-json\/wp\/v2\/comments?post=246855"}],"version-history":[{"count":1,"href":"https:\/\/rnoticias.com.mx\/Portal\/wp-json\/wp\/v2\/posts\/246855\/revisions"}],"predecessor-version":[{"id":246857,"href":"https:\/\/rnoticias.com.mx\/Portal\/wp-json\/wp\/v2\/posts\/246855\/revisions\/246857"}],"wp:featuredmedia":[{"embeddable":true,"href":"https:\/\/rnoticias.com.mx\/Portal\/wp-json\/wp\/v2\/media\/246856"}],"wp:attachment":[{"href":"https:\/\/rnoticias.com.mx\/Portal\/wp-json\/wp\/v2\/media?parent=246855"}],"wp:term":[{"taxonomy":"category","embeddable":true,"href":"https:\/\/rnoticias.com.mx\/Portal\/wp-json\/wp\/v2\/categories?post=246855"},{"taxonomy":"post_tag","embeddable":true,"href":"https:\/\/rnoticias.com.mx\/Portal\/wp-json\/wp\/v2\/tags?post=246855"}],"curies":[{"name":"wp","href":"https:\/\/api.w.org\/{rel}","templated":true}]}}