{"id":246849,"date":"2026-02-26T17:56:26","date_gmt":"2026-02-27T00:56:26","guid":{"rendered":"https:\/\/rnoticias.com.mx\/Portal\/?p=246849"},"modified":"2026-02-26T17:56:26","modified_gmt":"2026-02-27T00:56:26","slug":"invitan-a-ser-guardaparques-del-desierto-en-el-cerro-johnson","status":"publish","type":"post","link":"https:\/\/rnoticias.com.mx\/Portal\/2026\/02\/26\/invitan-a-ser-guardaparques-del-desierto-en-el-cerro-johnson\/","title":{"rendered":"Invitan a ser \u201cGuardaparques del Desierto\u201d en el Cerro Johnson"},"content":{"rendered":"<p>Hermosillo, Sonora. Con el objetivo de fomentar el aprendizaje y la cultura del senderismo, este s\u00e1bado 28 de febrero a las 4:30 de la tarde se llevar\u00e1 a cabo la actividad \u201cGuardaparques del Desierto\u201d en el Vivero del Cerro Johnson.<\/p>\n<p>&nbsp;<\/p>\n<p>Ale Colorado, coordinadora de la agrupaci\u00f3n Naturalmente Divertido, extendi\u00f3 la invitaci\u00f3n a ni\u00f1as, ni\u00f1os y familias a sumarse a esta experiencia formativa enfocada en el cuidado y disfrute responsable del entorno natural.<\/p>\n<p>&nbsp;<\/p>\n<p>\u201cDurante la jornada, las y los participantes aprender\u00e1n sobre la mochila y vestimenta ideal para realizar senderismo, as\u00ed como conocimientos b\u00e1sicos de primeros auxilios para recorridos en zonas naturales\u201d, detall\u00f3.<\/p>\n<p>&nbsp;<\/p>\n<p>Indic\u00f3, que la actividad ser\u00e1 impartida por Florencia Alday, brigadista multifuncional, y se entregar\u00e1n reconocimientos digitales. Para m\u00e1s informaci\u00f3n pueden comunicarse a los tel\u00e9fonos 66-21-45-53-90 y 66-21-53-18-24.<\/p>\n","protected":false},"excerpt":{"rendered":"<p>Hermosillo, Sonora. Con el objetivo de fomentar el aprendizaje y la cultura del senderismo, este s\u00e1bado 28 de febrero a las 4:30 de la tarde se llevar\u00e1 a cabo la actividad \u201cGuardaparques del Desierto\u201d en el Vivero del Cerro Johnson. &nbsp; Ale Colorado, coordinadora de la agrupaci\u00f3n Naturalmente Divertido, extendi\u00f3 la invitaci\u00f3n a ni\u00f1as, ni\u00f1os [&hellip;]<\/p>\n","protected":false},"author":2,"featured_media":246850,"comment_status":"closed","ping_status":"closed","sticky":false,"template":"","format":"standard","meta":{"footnotes":""},"categories":[12870,178],"tags":[12865,12869],"class_list":["post-246849","post","type-post","status-publish","format-standard","has-post-thumbnail","hentry","category-destacadas","category-local","tag-destacadas","tag-local"],"jetpack_featured_media_url":"https:\/\/rnoticias.com.mx\/Portal\/wp-content\/uploads\/2026\/02\/guardpaques.jpg","amp_enabled":true,"_links":{"self":[{"href":"https:\/\/rnoticias.com.mx\/Portal\/wp-json\/wp\/v2\/posts\/246849","targetHints":{"allow":["GET"]}}],"collection":[{"href":"https:\/\/rnoticias.com.mx\/Portal\/wp-json\/wp\/v2\/posts"}],"about":[{"href":"https:\/\/rnoticias.com.mx\/Portal\/wp-json\/wp\/v2\/types\/post"}],"author":[{"embeddable":true,"href":"https:\/\/rnoticias.com.mx\/Portal\/wp-json\/wp\/v2\/users\/2"}],"replies":[{"embeddable":true,"href":"https:\/\/rnoticias.com.mx\/Portal\/wp-json\/wp\/v2\/comments?post=246849"}],"version-history":[{"count":1,"href":"https:\/\/rnoticias.com.mx\/Portal\/wp-json\/wp\/v2\/posts\/246849\/revisions"}],"predecessor-version":[{"id":246851,"href":"https:\/\/rnoticias.com.mx\/Portal\/wp-json\/wp\/v2\/posts\/246849\/revisions\/246851"}],"wp:featuredmedia":[{"embeddable":true,"href":"https:\/\/rnoticias.com.mx\/Portal\/wp-json\/wp\/v2\/media\/246850"}],"wp:attachment":[{"href":"https:\/\/rnoticias.com.mx\/Portal\/wp-json\/wp\/v2\/media?parent=246849"}],"wp:term":[{"taxonomy":"category","embeddable":true,"href":"https:\/\/rnoticias.com.mx\/Portal\/wp-json\/wp\/v2\/categories?post=246849"},{"taxonomy":"post_tag","embeddable":true,"href":"https:\/\/rnoticias.com.mx\/Portal\/wp-json\/wp\/v2\/tags?post=246849"}],"curies":[{"name":"wp","href":"https:\/\/api.w.org\/{rel}","templated":true}]}}