{"id":246785,"date":"2026-02-26T10:30:29","date_gmt":"2026-02-26T17:30:29","guid":{"rendered":"https:\/\/rnoticias.com.mx\/Portal\/?p=246785"},"modified":"2026-02-25T23:27:03","modified_gmt":"2026-02-26T06:27:03","slug":"unison-y-staus-inician-mesa-de-negociacion-salarial","status":"publish","type":"post","link":"https:\/\/rnoticias.com.mx\/Portal\/2026\/02\/26\/unison-y-staus-inician-mesa-de-negociacion-salarial\/","title":{"rendered":"Unison y Staus inician mesa de negociaci\u00f3n salarial"},"content":{"rendered":"<p>Despu\u00e9s de varios d\u00edas de espera, finalmente se llev\u00f3 a cabo la instalaci\u00f3n de la mesa de di\u00e1logo entre la Universidad de Sonora y el Sindicato de Trabajadores Acad\u00e9micos (Staus), para empezar con la revisi\u00f3n salarial 2026, as\u00ed como las propuestas para soluci\u00f3n de este las cuales tambi\u00e9n fueron enviadas al gobernador del Estado, Alfonso Durazo Monta\u00f1o.<\/p>\n<p>&nbsp;<\/p>\n<p>Cuauht\u00e9moc Nieblas Cota, dirigente del sindicato, dijo que saben la importancia de que se haya instalado la mesa de di\u00e1logo debido a que se encuentran en el rango de tiempo para llevar una negociaci\u00f3n salarial.<\/p>\n<p>&nbsp;<\/p>\n<p>\u201cEs importante se\u00f1alar la importancia y la relevancia para la planta acad\u00e9mica que es parte fundamental del trabajo que se hace en la universidad y es un sector muy importante como todos, sin embargo, una educaci\u00f3n sin buenos docentes dif\u00edcilmente se lograr\u00eda\u201d, dijo el l\u00edder sindical.<\/p>\n<p>&nbsp;<\/p>\n<p>Por su parte, la rectora de la universidad, la Doctora Dena Maria Jes\u00fas Camarena G\u00f3mez, resalt\u00f3 que la instalaci\u00f3n de esta mesa refiere al compromiso de ambas partes con el di\u00e1logo institucional como un mecanismo leg\u00edtimo para la construcci\u00f3n de acuerdos.<\/p>\n<p>&nbsp;<\/p>\n<p>\u201cLa negociaci\u00f3n colectiva es un ejercicio de responsabilidad compartida que fortalece la vida acad\u00e9mica de nuestra universidad. Reconocemos el papel fundamental que desempe\u00f1a el personal acad\u00e9mico en el cumplimiento de nuestras funciones sustantivas como universidad en lo que respecta a la docencia, a la investigaci\u00f3n, a la extensi\u00f3n y a la vinculaci\u00f3n\u201d, expres\u00f3 la rectora.<\/p>\n<p>&nbsp;<\/p>\n<p>Adem\u00e1s, resalt\u00f3 que como autoridad acad\u00e9mica acudieron a este proceso con respeto, apertura y sentido de realidad porque saben de la leg\u00edtima aspiraci\u00f3n de mejora salarial de los acad\u00e9micos y tambi\u00e9n del contexto presupuestal actual que impone desaf\u00edos importantes.<\/p>\n<p>&nbsp;<\/p>\n<p>\u201cConsideramos que, con di\u00e1logo, con gesti\u00f3n, con buena voluntad y responsabilidad financiera se podr\u00edan llevar a buen t\u00e9rmino estas negociaciones\u201d, expres\u00f3 Camarena G\u00f3mez.<\/p>\n<p>&nbsp;<\/p>\n<p>Tambi\u00e9n dijo que conf\u00edan que a trav\u00e9s de un intercambio serio, t\u00e9cnico y constructivo se podr\u00e1n lograr acuerdos que contribuyan a preservar la estabilidad laboral y la fortaleza institucional que la comunidad universitaria merece.<\/p>\n<p>&nbsp;<\/p>\n","protected":false},"excerpt":{"rendered":"<p>Despu\u00e9s de varios d\u00edas de espera, finalmente se llev\u00f3 a cabo la instalaci\u00f3n de la mesa de di\u00e1logo entre la Universidad de Sonora y el Sindicato de Trabajadores Acad\u00e9micos (Staus), para empezar con la revisi\u00f3n salarial 2026, as\u00ed como las propuestas para soluci\u00f3n de este las cuales tambi\u00e9n fueron enviadas al gobernador del Estado, Alfonso [&hellip;]<\/p>\n","protected":false},"author":2,"featured_media":246786,"comment_status":"closed","ping_status":"closed","sticky":false,"template":"","format":"standard","meta":{"footnotes":""},"categories":[12870,174],"tags":[12865,12873],"class_list":["post-246785","post","type-post","status-publish","format-standard","has-post-thumbnail","hentry","category-destacadas","category-estatal","tag-destacadas","tag-estatal"],"jetpack_featured_media_url":"https:\/\/rnoticias.com.mx\/Portal\/wp-content\/uploads\/2026\/02\/staus-30.jpg","amp_enabled":true,"_links":{"self":[{"href":"https:\/\/rnoticias.com.mx\/Portal\/wp-json\/wp\/v2\/posts\/246785","targetHints":{"allow":["GET"]}}],"collection":[{"href":"https:\/\/rnoticias.com.mx\/Portal\/wp-json\/wp\/v2\/posts"}],"about":[{"href":"https:\/\/rnoticias.com.mx\/Portal\/wp-json\/wp\/v2\/types\/post"}],"author":[{"embeddable":true,"href":"https:\/\/rnoticias.com.mx\/Portal\/wp-json\/wp\/v2\/users\/2"}],"replies":[{"embeddable":true,"href":"https:\/\/rnoticias.com.mx\/Portal\/wp-json\/wp\/v2\/comments?post=246785"}],"version-history":[{"count":1,"href":"https:\/\/rnoticias.com.mx\/Portal\/wp-json\/wp\/v2\/posts\/246785\/revisions"}],"predecessor-version":[{"id":246787,"href":"https:\/\/rnoticias.com.mx\/Portal\/wp-json\/wp\/v2\/posts\/246785\/revisions\/246787"}],"wp:featuredmedia":[{"embeddable":true,"href":"https:\/\/rnoticias.com.mx\/Portal\/wp-json\/wp\/v2\/media\/246786"}],"wp:attachment":[{"href":"https:\/\/rnoticias.com.mx\/Portal\/wp-json\/wp\/v2\/media?parent=246785"}],"wp:term":[{"taxonomy":"category","embeddable":true,"href":"https:\/\/rnoticias.com.mx\/Portal\/wp-json\/wp\/v2\/categories?post=246785"},{"taxonomy":"post_tag","embeddable":true,"href":"https:\/\/rnoticias.com.mx\/Portal\/wp-json\/wp\/v2\/tags?post=246785"}],"curies":[{"name":"wp","href":"https:\/\/api.w.org\/{rel}","templated":true}]}}