{"id":246745,"date":"2026-02-25T20:31:35","date_gmt":"2026-02-26T03:31:35","guid":{"rendered":"https:\/\/rnoticias.com.mx\/Portal\/?p=246745"},"modified":"2026-02-25T20:31:35","modified_gmt":"2026-02-26T03:31:35","slug":"invitan-a-taller-sobre-menstruacion-para-ninas-en-hermosillo","status":"publish","type":"post","link":"https:\/\/rnoticias.com.mx\/Portal\/2026\/02\/25\/invitan-a-taller-sobre-menstruacion-para-ninas-en-hermosillo\/","title":{"rendered":"Invitan a taller sobre menstruaci\u00f3n para ni\u00f1as en Hermosillo"},"content":{"rendered":"<p data-start=\"66\" data-end=\"319\">Con el objetivo de fomentar la educaci\u00f3n menstrual y fortalecer el v\u00ednculo entre madres e hijas, el pr\u00f3ximo 28 de febrero de 2026 se llevar\u00e1 a cabo el taller \u201cMi primera menstruaci\u00f3n\u201d, dirigido a ni\u00f1as de entre 8 y 13 a\u00f1os de edad en Hermosillo, Sonora.<\/p>\n<p data-start=\"321\" data-end=\"582\">La actividad se desarrollar\u00e1 en un horario de 10:15 de la ma\u00f1ana a 2:00 de la tarde, bajo la tem\u00e1tica \u201cConexi\u00f3n madre e hija\u201d, en un espacio dise\u00f1ado para brindar informaci\u00f3n clara y acompa\u00f1amiento emocional ante esta etapa de cambios en la vida de las menores.<\/p>\n<p data-start=\"584\" data-end=\"851\">De acuerdo con la invitaci\u00f3n, durante el taller se ense\u00f1ar\u00e1 a las participantes a conocer y vivir la menstruaci\u00f3n de forma interactiva, a trav\u00e9s de juegos, cuentos y din\u00e1micas, promoviendo una experiencia positiva que refuerce la confianza y la comunicaci\u00f3n familiar.<\/p>\n<p data-start=\"853\" data-end=\"1061\">La cuota de recuperaci\u00f3n es de mil 450 pesos por mam\u00e1 e hija, y mil 950 pesos en el caso de mam\u00e1 con dos hijas. Tambi\u00e9n se solicita un anticipo de 500 pesos para asegurar el lugar, ya que el cupo es limitado.<\/p>\n<p data-start=\"1063\" data-end=\"1317\" data-is-last-node=\"\" data-is-only-node=\"\">La facilitadora ser\u00e1 la licenciada Ver\u00f3nica Castro Hurtado. El evento se realizar\u00e1 en Temazcalli, Shala, en Hermosillo. La inscripci\u00f3n incluye snacks, bebidas, postres y constancia de asistencia. Para mayores informes se pueden comunicar al n\u00famero: 6621157941.<\/p>\n","protected":false},"excerpt":{"rendered":"<p>Con el objetivo de fomentar la educaci\u00f3n menstrual y fortalecer el v\u00ednculo entre madres e hijas, el pr\u00f3ximo 28 de febrero de 2026 se llevar\u00e1 a cabo el taller \u201cMi primera menstruaci\u00f3n\u201d, dirigido a ni\u00f1as de entre 8 y 13 a\u00f1os de edad en Hermosillo, Sonora. La actividad se desarrollar\u00e1 en un horario de 10:15 [&hellip;]<\/p>\n","protected":false},"author":2,"featured_media":246746,"comment_status":"closed","ping_status":"closed","sticky":false,"template":"","format":"standard","meta":{"footnotes":""},"categories":[12870,178],"tags":[12865,12869],"class_list":["post-246745","post","type-post","status-publish","format-standard","has-post-thumbnail","hentry","category-destacadas","category-local","tag-destacadas","tag-local"],"jetpack_featured_media_url":"https:\/\/rnoticias.com.mx\/Portal\/wp-content\/uploads\/2026\/02\/photo4911732099174738489.jpg","amp_enabled":true,"_links":{"self":[{"href":"https:\/\/rnoticias.com.mx\/Portal\/wp-json\/wp\/v2\/posts\/246745","targetHints":{"allow":["GET"]}}],"collection":[{"href":"https:\/\/rnoticias.com.mx\/Portal\/wp-json\/wp\/v2\/posts"}],"about":[{"href":"https:\/\/rnoticias.com.mx\/Portal\/wp-json\/wp\/v2\/types\/post"}],"author":[{"embeddable":true,"href":"https:\/\/rnoticias.com.mx\/Portal\/wp-json\/wp\/v2\/users\/2"}],"replies":[{"embeddable":true,"href":"https:\/\/rnoticias.com.mx\/Portal\/wp-json\/wp\/v2\/comments?post=246745"}],"version-history":[{"count":1,"href":"https:\/\/rnoticias.com.mx\/Portal\/wp-json\/wp\/v2\/posts\/246745\/revisions"}],"predecessor-version":[{"id":246747,"href":"https:\/\/rnoticias.com.mx\/Portal\/wp-json\/wp\/v2\/posts\/246745\/revisions\/246747"}],"wp:featuredmedia":[{"embeddable":true,"href":"https:\/\/rnoticias.com.mx\/Portal\/wp-json\/wp\/v2\/media\/246746"}],"wp:attachment":[{"href":"https:\/\/rnoticias.com.mx\/Portal\/wp-json\/wp\/v2\/media?parent=246745"}],"wp:term":[{"taxonomy":"category","embeddable":true,"href":"https:\/\/rnoticias.com.mx\/Portal\/wp-json\/wp\/v2\/categories?post=246745"},{"taxonomy":"post_tag","embeddable":true,"href":"https:\/\/rnoticias.com.mx\/Portal\/wp-json\/wp\/v2\/tags?post=246745"}],"curies":[{"name":"wp","href":"https:\/\/api.w.org\/{rel}","templated":true}]}}