{"id":246738,"date":"2026-02-25T19:25:03","date_gmt":"2026-02-26T02:25:03","guid":{"rendered":"https:\/\/rnoticias.com.mx\/Portal\/?p=246738"},"modified":"2026-02-25T19:25:03","modified_gmt":"2026-02-26T02:25:03","slug":"horner-no-culpa-a-max-verstappen-de-su-salida-de-red-bull","status":"publish","type":"post","link":"https:\/\/rnoticias.com.mx\/Portal\/2026\/02\/25\/horner-no-culpa-a-max-verstappen-de-su-salida-de-red-bull\/","title":{"rendered":"Horner no culpa a Max Verstappen de su salida de Red Bull"},"content":{"rendered":"<p><strong>Christian\u00a0Horner\u00a0manifest\u00f3 que no cree que\u00a0Max\u00a0Verstappen\u00a0fuera \u201cde ninguna manera\u201d responsable de que lo apartaran como director del equipo Red\u00a0Bull.<\/strong><\/p>\n<p>Horner fue relevado abruptamente de sus funciones tras 20 a\u00f1os en julio, a mitad de la temporada de F\u00f3rmula 1. Dej\u00f3 formalmente el equipo en septiembre.<\/p>\n<p>En<strong>\u00a0comentarios incluidos en la pr\u00f3xima temporada de la serie documental de Netflix \u201cDrive To Survive\u201d,<\/strong>\u00a0sus declaraciones m\u00e1s detalladas hasta la fecha sobre su salida,\u00a0<strong>Horner\u00a0se\u00f1ala que intuye que fue una decisi\u00f3n tomada por\u00a0Oliver\u00a0Mintzlaff, el director ejecutivo de Red\u00a0Bull\u00a0para proyectos corporativos e inversiones, y del entonces asesor\u00a0Helmut\u00a0Marko, m\u00e1s que de\u00a0Verstappen\u00a0y de su padre,\u00a0Jos.<\/strong><\/p>\n<p>\u201cSu padre nunca ha sido mi mayor admirador. Ha sido muy franco conmigo, pero no creo que los Verstappen fueran responsables de ninguna manera. Creo que esta fue una decisi\u00f3n que tom\u00f3 Oliver Mintzlaff, con Helmut aconsejando desde la barrera\u201d, se\u00f1al\u00f3 Horner.<\/p>\n<p>Marko hab\u00eda hecho comentarios p\u00fablicos en los que expresaba preocupaci\u00f3n por el futuro de Verstappen y por la posibilidad de que el cuatro veces campe\u00f3n del mundo dejara Red Bull en virtud de una cl\u00e1usula de rendimiento en su contrato. Marko anunci\u00f3 su propio retiro en diciembre.<\/p>\n<p>\u201cSiento una verdadera sensaci\u00f3n de p\u00e9rdida y dolor. Todo fue bastante repentino. Realmente no tuve la oportunidad de decir un adi\u00f3s como corresponde\u201d, comenta Horner sobre su salida del equipo en la serie de Netflix. \u201cMe han quitado algo que no fue mi elecci\u00f3n, algo que era muy valioso para m\u00ed\u201d.<\/p>\n<p>El anuncio de que Horner ya no era el director del equipo lleg\u00f3 m\u00e1s de un a\u00f1o despu\u00e9s de que\u00a0fuera acusado de conducta indebida hacia una empleada del equipo.<\/p>\n","protected":false},"excerpt":{"rendered":"<p>Christian\u00a0Horner\u00a0manifest\u00f3 que no cree que\u00a0Max\u00a0Verstappen\u00a0fuera \u201cde ninguna manera\u201d responsable de que lo apartaran como director del equipo Red\u00a0Bull. Horner fue relevado abruptamente de sus funciones tras 20 a\u00f1os en julio, a mitad de la temporada de F\u00f3rmula 1. Dej\u00f3 formalmente el equipo en septiembre. En\u00a0comentarios incluidos en la pr\u00f3xima temporada de la serie documental de [&hellip;]<\/p>\n","protected":false},"author":2,"featured_media":246739,"comment_status":"closed","ping_status":"closed","sticky":false,"template":"","format":"standard","meta":{"footnotes":""},"categories":[188,12870],"tags":[5231,12865],"class_list":["post-246738","post","type-post","status-publish","format-standard","has-post-thumbnail","hentry","category-deportes","category-destacadas","tag-deportes","tag-destacadas"],"jetpack_featured_media_url":"https:\/\/rnoticias.com.mx\/Portal\/wp-content\/uploads\/2026\/02\/54712.jpg","amp_enabled":true,"_links":{"self":[{"href":"https:\/\/rnoticias.com.mx\/Portal\/wp-json\/wp\/v2\/posts\/246738","targetHints":{"allow":["GET"]}}],"collection":[{"href":"https:\/\/rnoticias.com.mx\/Portal\/wp-json\/wp\/v2\/posts"}],"about":[{"href":"https:\/\/rnoticias.com.mx\/Portal\/wp-json\/wp\/v2\/types\/post"}],"author":[{"embeddable":true,"href":"https:\/\/rnoticias.com.mx\/Portal\/wp-json\/wp\/v2\/users\/2"}],"replies":[{"embeddable":true,"href":"https:\/\/rnoticias.com.mx\/Portal\/wp-json\/wp\/v2\/comments?post=246738"}],"version-history":[{"count":1,"href":"https:\/\/rnoticias.com.mx\/Portal\/wp-json\/wp\/v2\/posts\/246738\/revisions"}],"predecessor-version":[{"id":246740,"href":"https:\/\/rnoticias.com.mx\/Portal\/wp-json\/wp\/v2\/posts\/246738\/revisions\/246740"}],"wp:featuredmedia":[{"embeddable":true,"href":"https:\/\/rnoticias.com.mx\/Portal\/wp-json\/wp\/v2\/media\/246739"}],"wp:attachment":[{"href":"https:\/\/rnoticias.com.mx\/Portal\/wp-json\/wp\/v2\/media?parent=246738"}],"wp:term":[{"taxonomy":"category","embeddable":true,"href":"https:\/\/rnoticias.com.mx\/Portal\/wp-json\/wp\/v2\/categories?post=246738"},{"taxonomy":"post_tag","embeddable":true,"href":"https:\/\/rnoticias.com.mx\/Portal\/wp-json\/wp\/v2\/tags?post=246738"}],"curies":[{"name":"wp","href":"https:\/\/api.w.org\/{rel}","templated":true}]}}