{"id":246695,"date":"2026-02-25T18:46:05","date_gmt":"2026-02-26T01:46:05","guid":{"rendered":"https:\/\/rnoticias.com.mx\/Portal\/?p=246695"},"modified":"2026-02-25T18:46:05","modified_gmt":"2026-02-26T01:46:05","slug":"slrc-sigue-en-vigilancia-tras-incidentes-del-lunes-alcalde","status":"publish","type":"post","link":"https:\/\/rnoticias.com.mx\/Portal\/2026\/02\/25\/slrc-sigue-en-vigilancia-tras-incidentes-del-lunes-alcalde\/","title":{"rendered":"SLRC sigue en vigilancia tras incidentes del lunes: Alcalde"},"content":{"rendered":"<p>La ciudad de San Luis R\u00edo Colorado se mantiene en vigilancia permanente y con operativos activos luego de los incidentes registrados la noche del lunes pasado, cuando se reportaron incendios en algunos veh\u00edculos en distintos puntos, inform\u00f3 Iv\u00e1n Sandoval.<\/p>\n<p>&nbsp;<\/p>\n<p>El alcalde de San Luis R\u00edo Colorado, afirm\u00f3 que, tras esos hechos, autoridades estatales abrieron carpetas de investigaci\u00f3n en conjunto con el ayuntamiento a su cargo.<\/p>\n<p>&nbsp;<\/p>\n<p>\u201cLes informo que la Fiscal\u00eda General del Estado ha informado\u00a0que se han abierto algunas carpetas de investigaci\u00f3n y estamos atentos a cualquier avance en relaci\u00f3n\u00a0a esa informaci\u00f3n. Tambi\u00e9n les reitero que nos mantenemos permanentemente en vigilancia\u00a0y en operativos por parte de los tres niveles de gobierno\u201d, afirm\u00f3.<\/p>\n<p>&nbsp;<\/p>\n<p>Asever\u00f3, que se trabaja en el municipio a trav\u00e9s de operativos de los tres niveles de gobierno, para reforzar la seguridad y brindar tranquilidad a la poblaci\u00f3n sanluisina.<\/p>\n","protected":false},"excerpt":{"rendered":"<p>La ciudad de San Luis R\u00edo Colorado se mantiene en vigilancia permanente y con operativos activos luego de los incidentes registrados la noche del lunes pasado, cuando se reportaron incendios en algunos veh\u00edculos en distintos puntos, inform\u00f3 Iv\u00e1n Sandoval. &nbsp; El alcalde de San Luis R\u00edo Colorado, afirm\u00f3 que, tras esos hechos, autoridades estatales abrieron [&hellip;]<\/p>\n","protected":false},"author":2,"featured_media":246696,"comment_status":"closed","ping_status":"closed","sticky":false,"template":"","format":"standard","meta":{"footnotes":""},"categories":[12870,174],"tags":[12865,12873],"class_list":["post-246695","post","type-post","status-publish","format-standard","has-post-thumbnail","hentry","category-destacadas","category-estatal","tag-destacadas","tag-estatal"],"jetpack_featured_media_url":"https:\/\/rnoticias.com.mx\/Portal\/wp-content\/uploads\/2026\/02\/582753508_1545264383714494_1594192262080167024_n.jpg","amp_enabled":true,"_links":{"self":[{"href":"https:\/\/rnoticias.com.mx\/Portal\/wp-json\/wp\/v2\/posts\/246695","targetHints":{"allow":["GET"]}}],"collection":[{"href":"https:\/\/rnoticias.com.mx\/Portal\/wp-json\/wp\/v2\/posts"}],"about":[{"href":"https:\/\/rnoticias.com.mx\/Portal\/wp-json\/wp\/v2\/types\/post"}],"author":[{"embeddable":true,"href":"https:\/\/rnoticias.com.mx\/Portal\/wp-json\/wp\/v2\/users\/2"}],"replies":[{"embeddable":true,"href":"https:\/\/rnoticias.com.mx\/Portal\/wp-json\/wp\/v2\/comments?post=246695"}],"version-history":[{"count":2,"href":"https:\/\/rnoticias.com.mx\/Portal\/wp-json\/wp\/v2\/posts\/246695\/revisions"}],"predecessor-version":[{"id":246698,"href":"https:\/\/rnoticias.com.mx\/Portal\/wp-json\/wp\/v2\/posts\/246695\/revisions\/246698"}],"wp:featuredmedia":[{"embeddable":true,"href":"https:\/\/rnoticias.com.mx\/Portal\/wp-json\/wp\/v2\/media\/246696"}],"wp:attachment":[{"href":"https:\/\/rnoticias.com.mx\/Portal\/wp-json\/wp\/v2\/media?parent=246695"}],"wp:term":[{"taxonomy":"category","embeddable":true,"href":"https:\/\/rnoticias.com.mx\/Portal\/wp-json\/wp\/v2\/categories?post=246695"},{"taxonomy":"post_tag","embeddable":true,"href":"https:\/\/rnoticias.com.mx\/Portal\/wp-json\/wp\/v2\/tags?post=246695"}],"curies":[{"name":"wp","href":"https:\/\/api.w.org\/{rel}","templated":true}]}}