{"id":246650,"date":"2026-02-25T17:36:52","date_gmt":"2026-02-26T00:36:52","guid":{"rendered":"https:\/\/rnoticias.com.mx\/Portal\/?p=246650"},"modified":"2026-02-25T17:36:52","modified_gmt":"2026-02-26T00:36:52","slug":"alcalde-de-cajeme-menciono-que-analizan-crear-como-ayuntamiento-una-seccion-para-desmentir-noticias-falsas","status":"publish","type":"post","link":"https:\/\/rnoticias.com.mx\/Portal\/2026\/02\/25\/alcalde-de-cajeme-menciono-que-analizan-crear-como-ayuntamiento-una-seccion-para-desmentir-noticias-falsas\/","title":{"rendered":"Alcalde de Cajeme mencion\u00f3 que analizan crear como Ayuntamiento una secci\u00f3n para desmentir noticias falsas"},"content":{"rendered":"<p>A fin de poder desmentir informacion considerada falsa en contra del actual gobierno de Ciudad Obreg\u00f3n, el presidente municipal, dio a conocer que se analiza la posibilidad de crear una secci\u00f3n especial para desmentir noticias que no son veridicas.<\/p>\n<p>&nbsp;<\/p>\n<p>Javier Lamarque Cano, dio a conocer que la posible creaci\u00f3n de ese espacio que llevar\u00eda por nombre \u201cMitote Fake\u201d, se pudiera llevar a cabo desde el espacio que encabeza semanalmente y que lleva por nombre \u201cLa Comenta\u201d.<\/p>\n<p>&nbsp;<\/p>\n<p>\u201cVienen, por supuesto yo lo entiendo, muchos ataques, golpes, se\u00f1alamientos, descalificaciones porque como se acerca el asunto de las elecciones el pr\u00f3ximo a\u00f1o,\u00a0pues ya andan desatados los demonios, golpeando, atacando a quienes suponen que pueden llegar a ser contendientes. Y supongo tambi\u00e9n que de parte de los adversarios de cada quien, pues hay ese tipo de ataques\u201d, asegur\u00f3.<\/p>\n<p>Lamarque Cano, a\u00f1adi\u00f3, que toda esa informaci\u00f3n falsa la lanzan especialmente en redes sociales para descalificar y que, con la Inteligencia Artificial, es m\u00e1s f\u00e1cil difundir falsedades ante la opini\u00f3n p\u00fablica.<\/p>\n<p>&nbsp;<\/p>\n","protected":false},"excerpt":{"rendered":"<p>A fin de poder desmentir informacion considerada falsa en contra del actual gobierno de Ciudad Obreg\u00f3n, el presidente municipal, dio a conocer que se analiza la posibilidad de crear una secci\u00f3n especial para desmentir noticias que no son veridicas. &nbsp; Javier Lamarque Cano, dio a conocer que la posible creaci\u00f3n de ese espacio que llevar\u00eda [&hellip;]<\/p>\n","protected":false},"author":2,"featured_media":246651,"comment_status":"closed","ping_status":"closed","sticky":false,"template":"","format":"standard","meta":{"footnotes":""},"categories":[12870,174],"tags":[12865,12873],"class_list":["post-246650","post","type-post","status-publish","format-standard","has-post-thumbnail","hentry","category-destacadas","category-estatal","tag-destacadas","tag-estatal"],"jetpack_featured_media_url":"https:\/\/rnoticias.com.mx\/Portal\/wp-content\/uploads\/2026\/02\/mqdefault.jpg","amp_enabled":true,"_links":{"self":[{"href":"https:\/\/rnoticias.com.mx\/Portal\/wp-json\/wp\/v2\/posts\/246650","targetHints":{"allow":["GET"]}}],"collection":[{"href":"https:\/\/rnoticias.com.mx\/Portal\/wp-json\/wp\/v2\/posts"}],"about":[{"href":"https:\/\/rnoticias.com.mx\/Portal\/wp-json\/wp\/v2\/types\/post"}],"author":[{"embeddable":true,"href":"https:\/\/rnoticias.com.mx\/Portal\/wp-json\/wp\/v2\/users\/2"}],"replies":[{"embeddable":true,"href":"https:\/\/rnoticias.com.mx\/Portal\/wp-json\/wp\/v2\/comments?post=246650"}],"version-history":[{"count":1,"href":"https:\/\/rnoticias.com.mx\/Portal\/wp-json\/wp\/v2\/posts\/246650\/revisions"}],"predecessor-version":[{"id":246652,"href":"https:\/\/rnoticias.com.mx\/Portal\/wp-json\/wp\/v2\/posts\/246650\/revisions\/246652"}],"wp:featuredmedia":[{"embeddable":true,"href":"https:\/\/rnoticias.com.mx\/Portal\/wp-json\/wp\/v2\/media\/246651"}],"wp:attachment":[{"href":"https:\/\/rnoticias.com.mx\/Portal\/wp-json\/wp\/v2\/media?parent=246650"}],"wp:term":[{"taxonomy":"category","embeddable":true,"href":"https:\/\/rnoticias.com.mx\/Portal\/wp-json\/wp\/v2\/categories?post=246650"},{"taxonomy":"post_tag","embeddable":true,"href":"https:\/\/rnoticias.com.mx\/Portal\/wp-json\/wp\/v2\/tags?post=246650"}],"curies":[{"name":"wp","href":"https:\/\/api.w.org\/{rel}","templated":true}]}}