{"id":246647,"date":"2026-02-25T17:32:15","date_gmt":"2026-02-26T00:32:15","guid":{"rendered":"https:\/\/rnoticias.com.mx\/Portal\/?p=246647"},"modified":"2026-02-25T17:32:15","modified_gmt":"2026-02-26T00:32:15","slug":"preve-conagua-temperaturas-de-hasta-40-grados-en-sonora","status":"publish","type":"post","link":"https:\/\/rnoticias.com.mx\/Portal\/2026\/02\/25\/preve-conagua-temperaturas-de-hasta-40-grados-en-sonora\/","title":{"rendered":"Prev\u00e9 Conagua temperaturas de hasta 40 grados en Sonora"},"content":{"rendered":"<p>Cielos mayormente despejados y sin probabilidades de lluvia se mantendr\u00e1n estos d\u00edas en Sonora, debido a una circulaci\u00f3n anticicl\u00f3nica posicionada frente a Baja California.<\/p>\n<p>&nbsp;<\/p>\n<p>Gilberto Lagarda V\u00e1zquez, especialista t\u00e9cnico de Conagua Sonora, inform\u00f3 que est\u00e1 condici\u00f3n favorecer\u00e1 adem\u00e1s vientos moderados a fuertes, con rachas de 30 a 50 kil\u00f3metros por hora, as\u00ed como un incremento marcado en las temperaturas.<\/p>\n<p>&nbsp;<\/p>\n<p>Y pues lo que hab\u00edamos comentado de d\u00edas anteriores, el incremento de las\u00a0temperaturas, incremento marcado de temperaturas que se espera, ya se est\u00e1 empezando a sentir,\u00a0ya hemos tenido valores arriba 35, se espera que el d\u00eda de hoy los valores de la temperatura\u00a0m\u00e1xima se acercan a los 40 grados, sobre todo la parte centro sur y noroeste de la\u00a0entidad\u201d, dijo.<\/p>\n<p>&nbsp;<\/p>\n<p>Abund\u00f3, que para este jueves, los valores de las temperaturas podr\u00edan rebasar los 40 grados cent\u00edgrados en\u00a0las mismas regiones del sur y centro del Estado de Sonora. En el caso de las m\u00ednimas, oscilar\u00e1n entre 0 y 10 grados en el norte y oriente.<\/p>\n<p>&nbsp;<\/p>\n","protected":false},"excerpt":{"rendered":"<p>Cielos mayormente despejados y sin probabilidades de lluvia se mantendr\u00e1n estos d\u00edas en Sonora, debido a una circulaci\u00f3n anticicl\u00f3nica posicionada frente a Baja California. &nbsp; Gilberto Lagarda V\u00e1zquez, especialista t\u00e9cnico de Conagua Sonora, inform\u00f3 que est\u00e1 condici\u00f3n favorecer\u00e1 adem\u00e1s vientos moderados a fuertes, con rachas de 30 a 50 kil\u00f3metros por hora, as\u00ed como un [&hellip;]<\/p>\n","protected":false},"author":2,"featured_media":246648,"comment_status":"closed","ping_status":"closed","sticky":false,"template":"","format":"standard","meta":{"footnotes":""},"categories":[12870,174],"tags":[12865,12873],"class_list":["post-246647","post","type-post","status-publish","format-standard","has-post-thumbnail","hentry","category-destacadas","category-estatal","tag-destacadas","tag-estatal"],"jetpack_featured_media_url":"https:\/\/rnoticias.com.mx\/Portal\/wp-content\/uploads\/2026\/02\/Imagen-de-WhatsApp-2025-11-05-a-las-11.04.29_f00450af.jpg","amp_enabled":true,"_links":{"self":[{"href":"https:\/\/rnoticias.com.mx\/Portal\/wp-json\/wp\/v2\/posts\/246647","targetHints":{"allow":["GET"]}}],"collection":[{"href":"https:\/\/rnoticias.com.mx\/Portal\/wp-json\/wp\/v2\/posts"}],"about":[{"href":"https:\/\/rnoticias.com.mx\/Portal\/wp-json\/wp\/v2\/types\/post"}],"author":[{"embeddable":true,"href":"https:\/\/rnoticias.com.mx\/Portal\/wp-json\/wp\/v2\/users\/2"}],"replies":[{"embeddable":true,"href":"https:\/\/rnoticias.com.mx\/Portal\/wp-json\/wp\/v2\/comments?post=246647"}],"version-history":[{"count":1,"href":"https:\/\/rnoticias.com.mx\/Portal\/wp-json\/wp\/v2\/posts\/246647\/revisions"}],"predecessor-version":[{"id":246649,"href":"https:\/\/rnoticias.com.mx\/Portal\/wp-json\/wp\/v2\/posts\/246647\/revisions\/246649"}],"wp:featuredmedia":[{"embeddable":true,"href":"https:\/\/rnoticias.com.mx\/Portal\/wp-json\/wp\/v2\/media\/246648"}],"wp:attachment":[{"href":"https:\/\/rnoticias.com.mx\/Portal\/wp-json\/wp\/v2\/media?parent=246647"}],"wp:term":[{"taxonomy":"category","embeddable":true,"href":"https:\/\/rnoticias.com.mx\/Portal\/wp-json\/wp\/v2\/categories?post=246647"},{"taxonomy":"post_tag","embeddable":true,"href":"https:\/\/rnoticias.com.mx\/Portal\/wp-json\/wp\/v2\/tags?post=246647"}],"curies":[{"name":"wp","href":"https:\/\/api.w.org\/{rel}","templated":true}]}}