{"id":246588,"date":"2026-02-24T19:37:54","date_gmt":"2026-02-25T02:37:54","guid":{"rendered":"https:\/\/rnoticias.com.mx\/Portal\/?p=246588"},"modified":"2026-02-24T19:37:54","modified_gmt":"2026-02-25T02:37:54","slug":"celebra-gobierno-de-sonora-cuarto-foro-para-la-creacion-del-nuevo-modelo-institucional-de-gestion-integral-de-riesgos-y-proteccion-civil","status":"publish","type":"post","link":"https:\/\/rnoticias.com.mx\/Portal\/2026\/02\/24\/celebra-gobierno-de-sonora-cuarto-foro-para-la-creacion-del-nuevo-modelo-institucional-de-gestion-integral-de-riesgos-y-proteccion-civil\/","title":{"rendered":"Celebra Gobierno de Sonora Cuarto Foro para la creaci\u00f3n del nuevo Modelo Institucional de Gesti\u00f3n Integral de Riesgos y Protecci\u00f3n Civil"},"content":{"rendered":"<p>San Luis R\u00edo Colorado, Sonora; 24 de febrero de 2026.- Como parte de las acciones que encabeza el gobernador Alfonso Durazo Monta\u00f1o por construir un nuevo modelo para la atenci\u00f3n de emergencias, se celebr\u00f3 en San Luis R\u00edo Colorado el Cuarto Foro para la creaci\u00f3n de un nuevo Modelo Institucional de Gesti\u00f3n Integral de Riesgos y Protecci\u00f3n Civil del Estado de Sonora.<\/p>\n<p>El eje central de este encuentro fue el an\u00e1lisis de los mecanismos de transparencia, rendici\u00f3n de cuentas y participaci\u00f3n ciudadana, con el prop\u00f3sito de fortalecer la confianza p\u00fablica, consolidar pr\u00e1cticas institucionales abiertas, y promover una mayor vinculaci\u00f3n entre autoridades y sociedad en materia de protecci\u00f3n civil en la entidad.<\/p>\n<p>El foro cont\u00f3 con la participaci\u00f3n de autoridades estatales y municipales, directivos acad\u00e9micos, representantes de diversos sectores y comunidad estudiantil, quienes compartieron propuestas y experiencias orientadas a fortalecer los mecanismos de control y evaluaci\u00f3n institucional, ampliar los espacios de participaci\u00f3n ciudadana, y consolidar pr\u00e1cticas gubernamentales abiertas, claras, y accesibles.<\/p>\n<p>En este encuentro se resalt\u00f3 la importancia de impulsar esquemas claros y verificables que permitan a la ciudadan\u00eda conocer, evaluar, y participar activamente en las decisiones p\u00fablicas, especialmente en temas relacionados con la prevenci\u00f3n y atenci\u00f3n de riesgos.<\/p>\n<p>A trav\u00e9s de estos espacios de di\u00e1logo y consulta, el Gobierno de Sonora refrenda el compromiso de las autoridades por construir instituciones m\u00e1s transparentes, responsables y participativas, en beneficio de la seguridad, confianza y el bienestar de las y los sonorenses.<\/p>\n","protected":false},"excerpt":{"rendered":"<p>San Luis R\u00edo Colorado, Sonora; 24 de febrero de 2026.- Como parte de las acciones que encabeza el gobernador Alfonso Durazo Monta\u00f1o por construir un nuevo modelo para la atenci\u00f3n de emergencias, se celebr\u00f3 en San Luis R\u00edo Colorado el Cuarto Foro para la creaci\u00f3n de un nuevo Modelo Institucional de Gesti\u00f3n Integral de Riesgos [&hellip;]<\/p>\n","protected":false},"author":2,"featured_media":246589,"comment_status":"closed","ping_status":"closed","sticky":false,"template":"","format":"standard","meta":{"footnotes":""},"categories":[174],"tags":[12873],"class_list":["post-246588","post","type-post","status-publish","format-standard","has-post-thumbnail","hentry","category-estatal","tag-estatal"],"jetpack_featured_media_url":"https:\/\/rnoticias.com.mx\/Portal\/wp-content\/uploads\/2026\/02\/WhatsApp-Image-2026-02-24-at-7.20.24-PM.jpeg","amp_enabled":true,"_links":{"self":[{"href":"https:\/\/rnoticias.com.mx\/Portal\/wp-json\/wp\/v2\/posts\/246588","targetHints":{"allow":["GET"]}}],"collection":[{"href":"https:\/\/rnoticias.com.mx\/Portal\/wp-json\/wp\/v2\/posts"}],"about":[{"href":"https:\/\/rnoticias.com.mx\/Portal\/wp-json\/wp\/v2\/types\/post"}],"author":[{"embeddable":true,"href":"https:\/\/rnoticias.com.mx\/Portal\/wp-json\/wp\/v2\/users\/2"}],"replies":[{"embeddable":true,"href":"https:\/\/rnoticias.com.mx\/Portal\/wp-json\/wp\/v2\/comments?post=246588"}],"version-history":[{"count":1,"href":"https:\/\/rnoticias.com.mx\/Portal\/wp-json\/wp\/v2\/posts\/246588\/revisions"}],"predecessor-version":[{"id":246590,"href":"https:\/\/rnoticias.com.mx\/Portal\/wp-json\/wp\/v2\/posts\/246588\/revisions\/246590"}],"wp:featuredmedia":[{"embeddable":true,"href":"https:\/\/rnoticias.com.mx\/Portal\/wp-json\/wp\/v2\/media\/246589"}],"wp:attachment":[{"href":"https:\/\/rnoticias.com.mx\/Portal\/wp-json\/wp\/v2\/media?parent=246588"}],"wp:term":[{"taxonomy":"category","embeddable":true,"href":"https:\/\/rnoticias.com.mx\/Portal\/wp-json\/wp\/v2\/categories?post=246588"},{"taxonomy":"post_tag","embeddable":true,"href":"https:\/\/rnoticias.com.mx\/Portal\/wp-json\/wp\/v2\/tags?post=246588"}],"curies":[{"name":"wp","href":"https:\/\/api.w.org\/{rel}","templated":true}]}}