{"id":246582,"date":"2026-02-24T19:29:47","date_gmt":"2026-02-25T02:29:47","guid":{"rendered":"https:\/\/rnoticias.com.mx\/Portal\/?p=246582"},"modified":"2026-02-24T19:29:47","modified_gmt":"2026-02-25T02:29:47","slug":"arranco-en-agua-prieta-el-programa-eco-escuelas-en-accion","status":"publish","type":"post","link":"https:\/\/rnoticias.com.mx\/Portal\/2026\/02\/24\/arranco-en-agua-prieta-el-programa-eco-escuelas-en-accion\/","title":{"rendered":"ARRANC\u00d3 EN AGUA PRIETA EL PROGRAMA &#8220;ECO ESCUELAS EN ACCI\u00d3N&#8221;"},"content":{"rendered":"<p>Agua Prieta, Sonora; a 24 de febrero de 2026.- El Gobierno Municipal, a trav\u00e9s del Organismo de Limpia Descentralizado de Agua Prieta (Oldap), arranc\u00f3 con el programa &#8220;Eco Escuelas en Acci\u00f3n&#8221;, en la Primaria Josefa Ortiz de Dom\u00ednguez.<\/p>\n<p>El director del Oldap, Daniel L\u00f3pez Cuevas, present\u00f3 la iniciativa durante la ceremonia c\u00edvica de honores a la bandera en dicha escuela, donde mencion\u00f3 que se coloc\u00f3 un contenedor amarillo dentro del plantel, destinado a la separaci\u00f3n y acopio de pl\u00e1stico.<\/p>\n<p>&#8220;Las ni\u00f1as y ni\u00f1os colocar\u00e1n los pl\u00e1sticos dentro del contenedor, y el organismo se encargar\u00e1 de recogerlos para trasladarlos al centro de reciclaje, donde ser\u00e1n procesados para ser reutilizados correctamente&#8221; dijo L\u00f3pez Cuevas.<\/p>\n<p>Asimismo, destac\u00f3 que este programa que se realiza por primera vez en el municipio, se replicar\u00e1 en otras escuelas, con el objetivo de fomentar el cuidado del medio ambiente y fortalecer la cultura de reciclaje en las instituciones educativas.<\/p>\n<p>El Gobierno Municipal refrend\u00f3 su compromiso de trabajar en conjunto con el sector educativo para promover desde las infancias el cuidado del medio ambiente.<\/p>\n","protected":false},"excerpt":{"rendered":"<p>Agua Prieta, Sonora; a 24 de febrero de 2026.- El Gobierno Municipal, a trav\u00e9s del Organismo de Limpia Descentralizado de Agua Prieta (Oldap), arranc\u00f3 con el programa &#8220;Eco Escuelas en Acci\u00f3n&#8221;, en la Primaria Josefa Ortiz de Dom\u00ednguez. El director del Oldap, Daniel L\u00f3pez Cuevas, present\u00f3 la iniciativa durante la ceremonia c\u00edvica de honores a [&hellip;]<\/p>\n","protected":false},"author":2,"featured_media":246583,"comment_status":"closed","ping_status":"closed","sticky":false,"template":"","format":"standard","meta":{"footnotes":""},"categories":[174],"tags":[12873],"class_list":["post-246582","post","type-post","status-publish","format-standard","has-post-thumbnail","hentry","category-estatal","tag-estatal"],"jetpack_featured_media_url":"https:\/\/rnoticias.com.mx\/Portal\/wp-content\/uploads\/2026\/02\/WhatsApp-Image-22026-02-23-at-3.54.07-PM.jpeg","amp_enabled":true,"_links":{"self":[{"href":"https:\/\/rnoticias.com.mx\/Portal\/wp-json\/wp\/v2\/posts\/246582","targetHints":{"allow":["GET"]}}],"collection":[{"href":"https:\/\/rnoticias.com.mx\/Portal\/wp-json\/wp\/v2\/posts"}],"about":[{"href":"https:\/\/rnoticias.com.mx\/Portal\/wp-json\/wp\/v2\/types\/post"}],"author":[{"embeddable":true,"href":"https:\/\/rnoticias.com.mx\/Portal\/wp-json\/wp\/v2\/users\/2"}],"replies":[{"embeddable":true,"href":"https:\/\/rnoticias.com.mx\/Portal\/wp-json\/wp\/v2\/comments?post=246582"}],"version-history":[{"count":1,"href":"https:\/\/rnoticias.com.mx\/Portal\/wp-json\/wp\/v2\/posts\/246582\/revisions"}],"predecessor-version":[{"id":246584,"href":"https:\/\/rnoticias.com.mx\/Portal\/wp-json\/wp\/v2\/posts\/246582\/revisions\/246584"}],"wp:featuredmedia":[{"embeddable":true,"href":"https:\/\/rnoticias.com.mx\/Portal\/wp-json\/wp\/v2\/media\/246583"}],"wp:attachment":[{"href":"https:\/\/rnoticias.com.mx\/Portal\/wp-json\/wp\/v2\/media?parent=246582"}],"wp:term":[{"taxonomy":"category","embeddable":true,"href":"https:\/\/rnoticias.com.mx\/Portal\/wp-json\/wp\/v2\/categories?post=246582"},{"taxonomy":"post_tag","embeddable":true,"href":"https:\/\/rnoticias.com.mx\/Portal\/wp-json\/wp\/v2\/tags?post=246582"}],"curies":[{"name":"wp","href":"https:\/\/api.w.org\/{rel}","templated":true}]}}