{"id":246579,"date":"2026-02-24T19:28:27","date_gmt":"2026-02-25T02:28:27","guid":{"rendered":"https:\/\/rnoticias.com.mx\/Portal\/?p=246579"},"modified":"2026-02-24T19:28:27","modified_gmt":"2026-02-25T02:28:27","slug":"alcalde-de-agua-prieta-encabezo-ceremonia-conmemorativa-del-dia-de-la-bandera","status":"publish","type":"post","link":"https:\/\/rnoticias.com.mx\/Portal\/2026\/02\/24\/alcalde-de-agua-prieta-encabezo-ceremonia-conmemorativa-del-dia-de-la-bandera\/","title":{"rendered":"ALCALDE DE AGUA PRIETA ENCABEZ\u00d3 CEREMONIA CONMEMORATIVA DEL D\u00cdA DE LA BANDERA"},"content":{"rendered":"<p>Agua Prieta, Sonora; a 24 de febrero de 2026.- Con motivo del D\u00eda de la Bandera Mexicana, el alcalde Jos\u00e9 Manuel Quijada Lamadrid encabez\u00f3 la ceremonia conmemorativa en honor a este s\u00edmbolo patrio, desde la Plaza Plan de Agua Prieta.<\/p>\n<p>En el evento organizado por el Gobierno Municipal, en coordinaci\u00f3n con la Guarnici\u00f3n Militar de Agua Prieta, se realiz\u00f3 el izamiento de la Bandera Nacional, ante la guardia conformada por elementos militares, oficiales de la polic\u00eda, estudiantes, personal docente y personal de salud.<\/p>\n<p>Durante la ceremonia, el Presidente Municipal, junto al general brigadier de Estado Mayor, Josu\u00e9 Barr\u00f3n Sevilla, comandante de la Guarnici\u00f3n Militar y autoridades municipales, tom\u00f3 protesta y abander\u00f3 a escoltas de nueve instituciones educativas, as\u00ed como al Honorable Cuerpo de Bomberos de Agua Prieta.<\/p>\n<p>\u201cHoy, al renovar nuestras banderas, renovamos tambi\u00e9n nuestra esperanza, pues desde Agua Prieta tenemos el gran honor de representar a M\u00e9xico; por ello, reafirmamos nuestro compromiso de seguir impulsando la educaci\u00f3n, el civismo y la formaci\u00f3n de generaciones que amen a su tierra\u201d, resalt\u00f3 el mun\u00edcipe.<\/p>\n<p>En el marco de este d\u00eda, tambi\u00e9n se entregaron reconocimientos a las y los ni\u00f1os ganadores del concurso de declamaci\u00f3n y dibujo \u201cA Mi Bandera\u201d; adem\u00e1s de contar con la participaci\u00f3n de Marisol Quezada Cer\u00f3n del colegio Tesa, quien declam\u00f3 una poes\u00eda; y se cont\u00f3 con la banda de guerra del Tecnol\u00f3gico Nacional de M\u00e9xico Campus Agua Prieta, misma que ejecut\u00f3 los toques de ordenanza y marchas militares para la ceremonia.<\/p>\n<p>Adem\u00e1s del general brigadier de Estado Mayor, en el presidium acompa\u00f1aron al alcalde: el secretario del H. Ayuntamiento, Manuel Refugio Molina Ley; la regidora de la Comisi\u00f3n de Educaci\u00f3n y Cultura, Esthela Gonz\u00e1lez Mendoza; y el delegado de la Secretar\u00eda de Educaci\u00f3n y Cultura en Agua Prieta, Luis Arturo Guajardo Guerrero.<\/p>\n<p>El Gobierno de Agua Prieta refrenda su compromiso de fomentar el respeto a los s\u00edmbolos patrios y fortalecer los valores c\u00edvicos en la comunidad.<\/p>\n","protected":false},"excerpt":{"rendered":"<p>Agua Prieta, Sonora; a 24 de febrero de 2026.- Con motivo del D\u00eda de la Bandera Mexicana, el alcalde Jos\u00e9 Manuel Quijada Lamadrid encabez\u00f3 la ceremonia conmemorativa en honor a este s\u00edmbolo patrio, desde la Plaza Plan de Agua Prieta. En el evento organizado por el Gobierno Municipal, en coordinaci\u00f3n con la Guarnici\u00f3n Militar de [&hellip;]<\/p>\n","protected":false},"author":2,"featured_media":246580,"comment_status":"closed","ping_status":"closed","sticky":false,"template":"","format":"standard","meta":{"footnotes":""},"categories":[174],"tags":[12873],"class_list":["post-246579","post","type-post","status-publish","format-standard","has-post-thumbnail","hentry","category-estatal","tag-estatal"],"jetpack_featured_media_url":"https:\/\/rnoticias.com.mx\/Portal\/wp-content\/uploads\/2026\/02\/WhatsApp-Image-2026-02-24-at-12.37.32-PM.jpeg","amp_enabled":true,"_links":{"self":[{"href":"https:\/\/rnoticias.com.mx\/Portal\/wp-json\/wp\/v2\/posts\/246579","targetHints":{"allow":["GET"]}}],"collection":[{"href":"https:\/\/rnoticias.com.mx\/Portal\/wp-json\/wp\/v2\/posts"}],"about":[{"href":"https:\/\/rnoticias.com.mx\/Portal\/wp-json\/wp\/v2\/types\/post"}],"author":[{"embeddable":true,"href":"https:\/\/rnoticias.com.mx\/Portal\/wp-json\/wp\/v2\/users\/2"}],"replies":[{"embeddable":true,"href":"https:\/\/rnoticias.com.mx\/Portal\/wp-json\/wp\/v2\/comments?post=246579"}],"version-history":[{"count":1,"href":"https:\/\/rnoticias.com.mx\/Portal\/wp-json\/wp\/v2\/posts\/246579\/revisions"}],"predecessor-version":[{"id":246581,"href":"https:\/\/rnoticias.com.mx\/Portal\/wp-json\/wp\/v2\/posts\/246579\/revisions\/246581"}],"wp:featuredmedia":[{"embeddable":true,"href":"https:\/\/rnoticias.com.mx\/Portal\/wp-json\/wp\/v2\/media\/246580"}],"wp:attachment":[{"href":"https:\/\/rnoticias.com.mx\/Portal\/wp-json\/wp\/v2\/media?parent=246579"}],"wp:term":[{"taxonomy":"category","embeddable":true,"href":"https:\/\/rnoticias.com.mx\/Portal\/wp-json\/wp\/v2\/categories?post=246579"},{"taxonomy":"post_tag","embeddable":true,"href":"https:\/\/rnoticias.com.mx\/Portal\/wp-json\/wp\/v2\/tags?post=246579"}],"curies":[{"name":"wp","href":"https:\/\/api.w.org\/{rel}","templated":true}]}}