{"id":246417,"date":"2026-02-23T21:13:52","date_gmt":"2026-02-24T04:13:52","guid":{"rendered":"https:\/\/rnoticias.com.mx\/Portal\/?p=246417"},"modified":"2026-02-23T21:13:52","modified_gmt":"2026-02-24T04:13:52","slug":"socializa-congreso-de-sonora-reforma-a-favor-de-personas-adultas-mayores","status":"publish","type":"post","link":"https:\/\/rnoticias.com.mx\/Portal\/2026\/02\/23\/socializa-congreso-de-sonora-reforma-a-favor-de-personas-adultas-mayores\/","title":{"rendered":"Socializa Congreso de Sonora reforma a favor de personas adultas mayores"},"content":{"rendered":"<p>Hermosillo, Sonora; 23 de febrero de 2026.- Con el prop\u00f3sito de socializar la propuesta de reforma a la Ley de los Derechos de las Personas Adultas Mayores, el Congreso del Estado, a trav\u00e9s de la Comisi\u00f3n de Atenci\u00f3n a Grupos Vulnerables de la Sociedad, realiz\u00f3 un primer ejercicio de parlamento abierto.<\/p>\n<p>La diputada Jazm\u00edn G\u00f3mez Liz\u00e1rraga (PT) explic\u00f3 que la iniciativa plantea una reforma integral a dicha legislaci\u00f3n, con el objetivo de fortalecer la protecci\u00f3n jur\u00eddica, social e institucional de las personas mayores de 60 a\u00f1os, al reconocerlas como un grupo prioritario en situaci\u00f3n de vulnerabilidad, cuyos derechos deben garantizarse de manera efectiva y no solo de forma declarativa.<\/p>\n<p>Por su parte, Carlos Alberto Valdez Ram\u00edrez, impulsor de la iniciativa, se\u00f1al\u00f3 que en la entidad m\u00e1s del 12 por ciento de la poblaci\u00f3n pertenece a este sector, por lo que se busca posicionarlo como una prioridad real en la agenda p\u00fablica.<\/p>\n<p>Detall\u00f3 que los principales ejes de la reforma contemplan el reconocimiento de nuevas formas de violencia, como la comunitaria e institucional; el acceso a la justicia con enfoque preferencial; el fortalecimiento de la Procuradur\u00eda de Protecci\u00f3n del Adulto Mayor; la regulaci\u00f3n de albergues y centros de cuidado; as\u00ed como la implementaci\u00f3n de medidas de protecci\u00f3n social y econ\u00f3mica.<\/p>\n<p>Asistieron a este ejercicio representantes del Sindicato \u00danico de Empleados del Instituto de Seguridad y Servicios Sociales de los Trabajadores del Estado (Sueisssteson); del Instituto Sonorense para la Atenci\u00f3n de los Adultos Mayores (Isaam); de la Secci\u00f3n 28 del Sindicato Nacional de Trabajadores de la Educaci\u00f3n (SNTE); y del sectorial del adulto mayor del Partido del Trabajo.<\/p>\n<p>Las personas asistentes compartieron propuestas encaminadas a fortalecer la iniciativa, entre ellas el establecimiento de licencias para el funcionamiento de albergues; la supervisi\u00f3n de sus operaciones para garantizar una atenci\u00f3n integral; la asignaci\u00f3n de un presupuesto digno para las personas adultas mayores; y el fortalecimiento de las instituciones que trabajan directamente con este sector.<\/p>\n<p>En este primer parlamento tambi\u00e9n estuvieron presentes la diputada Amairany Pe\u00f1a Escalante (PES), as\u00ed como los diputados David Figueroa Ortega (PVEM), Julio C\u00e9sar Navarro Contreras (Morena), Emeterio Ochoa Baz\u00faa (PRI) y Ra\u00fal Gonz\u00e1lez de la Vega (PVEM).<\/p>\n<p>Finalmente, la legisladora G\u00f3mez Liz\u00e1rraga inform\u00f3 que el pr\u00f3ximo foro de consulta se llevar\u00e1 a cabo el viernes 20 de febrero, en el municipio de Guaymas, con sede en el Conservatorio de M\u00fasica Fray Ivo Toneck, a las 17:00 horas.<\/p>\n","protected":false},"excerpt":{"rendered":"<p>Hermosillo, Sonora; 23 de febrero de 2026.- Con el prop\u00f3sito de socializar la propuesta de reforma a la Ley de los Derechos de las Personas Adultas Mayores, el Congreso del Estado, a trav\u00e9s de la Comisi\u00f3n de Atenci\u00f3n a Grupos Vulnerables de la Sociedad, realiz\u00f3 un primer ejercicio de parlamento abierto. La diputada Jazm\u00edn G\u00f3mez [&hellip;]<\/p>\n","protected":false},"author":2,"featured_media":246418,"comment_status":"closed","ping_status":"closed","sticky":false,"template":"","format":"standard","meta":{"footnotes":""},"categories":[12868],"tags":[12879],"class_list":["post-246417","post","type-post","status-publish","format-standard","has-post-thumbnail","hentry","category-politica","tag-politica"],"jetpack_featured_media_url":"https:\/\/rnoticias.com.mx\/Portal\/wp-content\/uploads\/2026\/02\/as.jpg","amp_enabled":true,"_links":{"self":[{"href":"https:\/\/rnoticias.com.mx\/Portal\/wp-json\/wp\/v2\/posts\/246417","targetHints":{"allow":["GET"]}}],"collection":[{"href":"https:\/\/rnoticias.com.mx\/Portal\/wp-json\/wp\/v2\/posts"}],"about":[{"href":"https:\/\/rnoticias.com.mx\/Portal\/wp-json\/wp\/v2\/types\/post"}],"author":[{"embeddable":true,"href":"https:\/\/rnoticias.com.mx\/Portal\/wp-json\/wp\/v2\/users\/2"}],"replies":[{"embeddable":true,"href":"https:\/\/rnoticias.com.mx\/Portal\/wp-json\/wp\/v2\/comments?post=246417"}],"version-history":[{"count":1,"href":"https:\/\/rnoticias.com.mx\/Portal\/wp-json\/wp\/v2\/posts\/246417\/revisions"}],"predecessor-version":[{"id":246419,"href":"https:\/\/rnoticias.com.mx\/Portal\/wp-json\/wp\/v2\/posts\/246417\/revisions\/246419"}],"wp:featuredmedia":[{"embeddable":true,"href":"https:\/\/rnoticias.com.mx\/Portal\/wp-json\/wp\/v2\/media\/246418"}],"wp:attachment":[{"href":"https:\/\/rnoticias.com.mx\/Portal\/wp-json\/wp\/v2\/media?parent=246417"}],"wp:term":[{"taxonomy":"category","embeddable":true,"href":"https:\/\/rnoticias.com.mx\/Portal\/wp-json\/wp\/v2\/categories?post=246417"},{"taxonomy":"post_tag","embeddable":true,"href":"https:\/\/rnoticias.com.mx\/Portal\/wp-json\/wp\/v2\/tags?post=246417"}],"curies":[{"name":"wp","href":"https:\/\/api.w.org\/{rel}","templated":true}]}}