{"id":246411,"date":"2026-02-23T21:11:16","date_gmt":"2026-02-24T04:11:16","guid":{"rendered":"https:\/\/rnoticias.com.mx\/Portal\/?p=246411"},"modified":"2026-02-23T21:11:16","modified_gmt":"2026-02-24T04:11:16","slug":"diputado-fermin-trujillo-propone-ampliar-servicios-de-salud-mental-en-zonas-rurales","status":"publish","type":"post","link":"https:\/\/rnoticias.com.mx\/Portal\/2026\/02\/23\/diputado-fermin-trujillo-propone-ampliar-servicios-de-salud-mental-en-zonas-rurales\/","title":{"rendered":"Diputado Ferm\u00edn Trujillo propone ampliar servicios de salud mental en zonas rurales"},"content":{"rendered":"<p>Hermosillo, Sonora; 23 de febrero de 2026.- Mediante diversas reformas a la Ley de Salud Mental del Estado, el diputado Ferm\u00edn Trujillo (NAS) propuso ampliar la cobertura de los servicios de atenci\u00f3n en salud mental para llegar a municipios y comunidades rurales apartadas de nuestra entidad.<\/p>\n<p>A nombre de la bancada del Grupo Parlamentario de Nueva Alianza Sonora, integrada por los diputados Rebeca Silva Gallardo y C\u00e9sar Salazar L\u00f3pez, el legislador Trujillo Fuentes explic\u00f3 que la propuesta contempla la creaci\u00f3n del dise\u00f1o y ejecuci\u00f3n de un Programa Estrat\u00e9gico de Salud Mental Rural, orientado a garantizar la atenci\u00f3n en estas regiones.<\/p>\n<p>Con la implementaci\u00f3n de dicho programa, dijo, se realizar\u00e1n acciones de detecci\u00f3n temprana, capacitaci\u00f3n en centros de salud ubicados en municipios rurales y la aplicaci\u00f3n de protocolos de atenci\u00f3n prioritaria para pacientes provenientes de estas localidades.<\/p>\n<p>Asimismo, detall\u00f3, se impulsar\u00e1n esquemas de capacitaci\u00f3n, tanto virtuales como presenciales, dirigidos al personal m\u00e9dico y de enfermer\u00eda de los centros de salud municipales. Se priorizar\u00e1 el uso de herramientas digitales y de telecomunicaci\u00f3n para brindar asesor\u00eda cl\u00ednica a distancia a m\u00e9dicos generales que laboran en zonas rurales, adem\u00e1s de promover la celebraci\u00f3n de convenios de colaboraci\u00f3n con ayuntamientos para fortalecer las labores de sensibilizaci\u00f3n y difusi\u00f3n en materia de salud mental.<\/p>\n<p>Trujillo Fuentes reiter\u00f3 que la propuesta busca garantizar la atenci\u00f3n integral en salud mental, as\u00ed como la prevenci\u00f3n y tratamiento de las adicciones, asegurando el acceso a estos servicios en todos los municipios rurales del estado mediante esquemas hospitalarios, ambulatorios y comunitarios.<\/p>\n","protected":false},"excerpt":{"rendered":"<p>Hermosillo, Sonora; 23 de febrero de 2026.- Mediante diversas reformas a la Ley de Salud Mental del Estado, el diputado Ferm\u00edn Trujillo (NAS) propuso ampliar la cobertura de los servicios de atenci\u00f3n en salud mental para llegar a municipios y comunidades rurales apartadas de nuestra entidad. A nombre de la bancada del Grupo Parlamentario de [&hellip;]<\/p>\n","protected":false},"author":2,"featured_media":246412,"comment_status":"closed","ping_status":"closed","sticky":false,"template":"","format":"standard","meta":{"footnotes":""},"categories":[12868],"tags":[12879],"class_list":["post-246411","post","type-post","status-publish","format-standard","has-post-thumbnail","hentry","category-politica","tag-politica"],"jetpack_featured_media_url":"https:\/\/rnoticias.com.mx\/Portal\/wp-content\/uploads\/2026\/02\/8.jpg","amp_enabled":true,"_links":{"self":[{"href":"https:\/\/rnoticias.com.mx\/Portal\/wp-json\/wp\/v2\/posts\/246411","targetHints":{"allow":["GET"]}}],"collection":[{"href":"https:\/\/rnoticias.com.mx\/Portal\/wp-json\/wp\/v2\/posts"}],"about":[{"href":"https:\/\/rnoticias.com.mx\/Portal\/wp-json\/wp\/v2\/types\/post"}],"author":[{"embeddable":true,"href":"https:\/\/rnoticias.com.mx\/Portal\/wp-json\/wp\/v2\/users\/2"}],"replies":[{"embeddable":true,"href":"https:\/\/rnoticias.com.mx\/Portal\/wp-json\/wp\/v2\/comments?post=246411"}],"version-history":[{"count":1,"href":"https:\/\/rnoticias.com.mx\/Portal\/wp-json\/wp\/v2\/posts\/246411\/revisions"}],"predecessor-version":[{"id":246413,"href":"https:\/\/rnoticias.com.mx\/Portal\/wp-json\/wp\/v2\/posts\/246411\/revisions\/246413"}],"wp:featuredmedia":[{"embeddable":true,"href":"https:\/\/rnoticias.com.mx\/Portal\/wp-json\/wp\/v2\/media\/246412"}],"wp:attachment":[{"href":"https:\/\/rnoticias.com.mx\/Portal\/wp-json\/wp\/v2\/media?parent=246411"}],"wp:term":[{"taxonomy":"category","embeddable":true,"href":"https:\/\/rnoticias.com.mx\/Portal\/wp-json\/wp\/v2\/categories?post=246411"},{"taxonomy":"post_tag","embeddable":true,"href":"https:\/\/rnoticias.com.mx\/Portal\/wp-json\/wp\/v2\/tags?post=246411"}],"curies":[{"name":"wp","href":"https:\/\/api.w.org\/{rel}","templated":true}]}}