{"id":246399,"date":"2026-02-23T21:01:28","date_gmt":"2026-02-24T04:01:28","guid":{"rendered":"https:\/\/rnoticias.com.mx\/Portal\/?p=246399"},"modified":"2026-02-23T21:01:28","modified_gmt":"2026-02-24T04:01:28","slug":"fuerza-operativa-de-la-policia-estatal-intercepta-a-grupo-armado-en-comercio-de-villas-del-real","status":"publish","type":"post","link":"https:\/\/rnoticias.com.mx\/Portal\/2026\/02\/23\/fuerza-operativa-de-la-policia-estatal-intercepta-a-grupo-armado-en-comercio-de-villas-del-real\/","title":{"rendered":"Fuerza Operativa de la Polic\u00eda Estatal intercepta a grupo armado en comercio de Villas del Real"},"content":{"rendered":"<p align=\"left\">Hermosillo, Sonora; 23 de febrero de 2026.\u2013 En una acci\u00f3n estrat\u00e9gica de las fuerzas operativas de la Polic\u00eda Estatal de Seguridad P\u00fablica (PESP) y con la colaboraci\u00f3n ciudadana, se logr\u00f3 detener a cuatro personas en posesi\u00f3n de armas de fuego durante acciones de combate al delito en la colonia Villas del Real, en Hermosillo.<\/p>\n<p align=\"left\">Ante un reporte ciudadano, unidades de la Polic\u00eda Estatal que patrullaban por la colonia arribaron a un comercio ubicado en las calles L\u00e1zaro Mercado y Cerrada de las Avellanas, donde arrestaron a David \u201cN\u201d y Esteban \u201cN\u201d, de 23 a\u00f1os de edad; asimismo, a Jes\u00fas \u201cN\u201d, de 20 a\u00f1os, y a un menor de edad, adem\u00e1s del aseguramiento de tres pistolas con cargadores y cartuchos.<\/p>\n<p align=\"left\">Al llegar al sitio encontraron un veh\u00edculo Jetta, Volkswagen, de color blanco, donde se encontraba una persona armada; adem\u00e1s, del establecimiento comercial salieron otros tres sujetos que fueron detenidos por la Polic\u00eda Estatal, mismos que fueron se\u00f1alados por intentar privar de la libertad a una persona que se encontraba en el lugar.<\/p>\n<p align=\"left\">La PESP incaut\u00f3 un total de tres armas de fuego, dos de estas calibre 9 mm y una pistola calibre .45, tres cargadores y alrededor de 27 cartuchos, motivo por el cual se realiz\u00f3 la detenci\u00f3n de las personas, quienes fueron informadas sobre los derechos de los detenidos y puestas a disposici\u00f3n del Ministerio P\u00fablico correspondiente.<\/p>\n<p align=\"left\">En municipios de Sonora contin\u00faa el trabajo operativo de la PESP, cuyos elementos realizan labores de inteligencia y seguimiento a reportes ciudadanos para combatir el delito y prevenir acciones que atenten contra la seguridad, colaborando con las autoridades de seguridad de los tres niveles de gobierno.<\/p>\n<p align=\"left\">Nota: Las personas detenidas se presumen inocentes y ser\u00e1n tratadas como tales en todas las etapas del procedimiento, mientras no se declare su responsabilidad mediante sentencia emitida por el \u00f3rgano jurisdiccional correspondiente, conforme a lo establecido en el art\u00edculo 13 del C\u00f3digo Nacional de Procedimientos Penales.<\/p>\n","protected":false},"excerpt":{"rendered":"<p>Hermosillo, Sonora; 23 de febrero de 2026.\u2013 En una acci\u00f3n estrat\u00e9gica de las fuerzas operativas de la Polic\u00eda Estatal de Seguridad P\u00fablica (PESP) y con la colaboraci\u00f3n ciudadana, se logr\u00f3 detener a cuatro personas en posesi\u00f3n de armas de fuego durante acciones de combate al delito en la colonia Villas del Real, en Hermosillo. Ante [&hellip;]<\/p>\n","protected":false},"author":2,"featured_media":246400,"comment_status":"closed","ping_status":"closed","sticky":false,"template":"","format":"standard","meta":{"footnotes":""},"categories":[178],"tags":[12869],"class_list":["post-246399","post","type-post","status-publish","format-standard","has-post-thumbnail","hentry","category-local","tag-local"],"jetpack_featured_media_url":"https:\/\/rnoticias.com.mx\/Portal\/wp-content\/uploads\/2026\/02\/9-1.jpg","amp_enabled":true,"_links":{"self":[{"href":"https:\/\/rnoticias.com.mx\/Portal\/wp-json\/wp\/v2\/posts\/246399","targetHints":{"allow":["GET"]}}],"collection":[{"href":"https:\/\/rnoticias.com.mx\/Portal\/wp-json\/wp\/v2\/posts"}],"about":[{"href":"https:\/\/rnoticias.com.mx\/Portal\/wp-json\/wp\/v2\/types\/post"}],"author":[{"embeddable":true,"href":"https:\/\/rnoticias.com.mx\/Portal\/wp-json\/wp\/v2\/users\/2"}],"replies":[{"embeddable":true,"href":"https:\/\/rnoticias.com.mx\/Portal\/wp-json\/wp\/v2\/comments?post=246399"}],"version-history":[{"count":1,"href":"https:\/\/rnoticias.com.mx\/Portal\/wp-json\/wp\/v2\/posts\/246399\/revisions"}],"predecessor-version":[{"id":246401,"href":"https:\/\/rnoticias.com.mx\/Portal\/wp-json\/wp\/v2\/posts\/246399\/revisions\/246401"}],"wp:featuredmedia":[{"embeddable":true,"href":"https:\/\/rnoticias.com.mx\/Portal\/wp-json\/wp\/v2\/media\/246400"}],"wp:attachment":[{"href":"https:\/\/rnoticias.com.mx\/Portal\/wp-json\/wp\/v2\/media?parent=246399"}],"wp:term":[{"taxonomy":"category","embeddable":true,"href":"https:\/\/rnoticias.com.mx\/Portal\/wp-json\/wp\/v2\/categories?post=246399"},{"taxonomy":"post_tag","embeddable":true,"href":"https:\/\/rnoticias.com.mx\/Portal\/wp-json\/wp\/v2\/tags?post=246399"}],"curies":[{"name":"wp","href":"https:\/\/api.w.org\/{rel}","templated":true}]}}