{"id":246343,"date":"2026-02-23T17:02:28","date_gmt":"2026-02-24T00:02:28","guid":{"rendered":"https:\/\/rnoticias.com.mx\/Portal\/?p=246343"},"modified":"2026-02-23T17:02:28","modified_gmt":"2026-02-24T00:02:28","slug":"delegacion-de-sonora-participara-en-renovacion-nacional-de-la-ctm","status":"publish","type":"post","link":"https:\/\/rnoticias.com.mx\/Portal\/2026\/02\/23\/delegacion-de-sonora-participara-en-renovacion-nacional-de-la-ctm\/","title":{"rendered":"Delegaci\u00f3n de Sonora participar\u00e1 en renovaci\u00f3n nacional de la CTM"},"content":{"rendered":"<p>Hermosillo, Sonora. Representantes sindicales de la entidad formar\u00e1n parte del XVII Congreso Nacional Ordinario de la Confederaci\u00f3n de Trabajadores de M\u00e9xico (CTM), que se celebrar\u00e1 este 24 de febrero y en el que se renovar\u00e1 la dirigencia nacional a trav\u00e9s de una planilla de unidad encabezada por Tereso Medina Ram\u00edrez.<\/p>\n<p>&nbsp;<\/p>\n<p>La comitiva sonorense acudir\u00e1 con propuestas centradas en la defensa y ampliaci\u00f3n de los derechos laborales, el fortalecimiento de los servicios de salud y el acceso a vivienda digna mediante el Infonavit. Adem\u00e1s, impulsar\u00e1 estrategias de capacitaci\u00f3n frente a los desaf\u00edos de la automatizaci\u00f3n y la inteligencia artificial en los centros de trabajo.<\/p>\n<p>&nbsp;<\/p>\n<p>Entre los planteamientos tambi\u00e9n destacan la ampliaci\u00f3n de guarder\u00edas, la igualdad sustantiva para las mujeres, la eliminaci\u00f3n de impuestos a prestaciones y el respaldo a reformas que garanticen justicia laboral \u00e1gil, transparente y efectiva para las y los trabajadores y sus familias.<\/p>\n","protected":false},"excerpt":{"rendered":"<p>Hermosillo, Sonora. Representantes sindicales de la entidad formar\u00e1n parte del XVII Congreso Nacional Ordinario de la Confederaci\u00f3n de Trabajadores de M\u00e9xico (CTM), que se celebrar\u00e1 este 24 de febrero y en el que se renovar\u00e1 la dirigencia nacional a trav\u00e9s de una planilla de unidad encabezada por Tereso Medina Ram\u00edrez. &nbsp; La comitiva sonorense acudir\u00e1 [&hellip;]<\/p>\n","protected":false},"author":2,"featured_media":246344,"comment_status":"closed","ping_status":"closed","sticky":false,"template":"","format":"standard","meta":{"footnotes":""},"categories":[12870,178],"tags":[12865,12869],"class_list":["post-246343","post","type-post","status-publish","format-standard","has-post-thumbnail","hentry","category-destacadas","category-local","tag-destacadas","tag-local"],"jetpack_featured_media_url":"https:\/\/rnoticias.com.mx\/Portal\/wp-content\/uploads\/2026\/02\/ctm-20251210a.jpeg","amp_enabled":true,"_links":{"self":[{"href":"https:\/\/rnoticias.com.mx\/Portal\/wp-json\/wp\/v2\/posts\/246343","targetHints":{"allow":["GET"]}}],"collection":[{"href":"https:\/\/rnoticias.com.mx\/Portal\/wp-json\/wp\/v2\/posts"}],"about":[{"href":"https:\/\/rnoticias.com.mx\/Portal\/wp-json\/wp\/v2\/types\/post"}],"author":[{"embeddable":true,"href":"https:\/\/rnoticias.com.mx\/Portal\/wp-json\/wp\/v2\/users\/2"}],"replies":[{"embeddable":true,"href":"https:\/\/rnoticias.com.mx\/Portal\/wp-json\/wp\/v2\/comments?post=246343"}],"version-history":[{"count":1,"href":"https:\/\/rnoticias.com.mx\/Portal\/wp-json\/wp\/v2\/posts\/246343\/revisions"}],"predecessor-version":[{"id":246345,"href":"https:\/\/rnoticias.com.mx\/Portal\/wp-json\/wp\/v2\/posts\/246343\/revisions\/246345"}],"wp:featuredmedia":[{"embeddable":true,"href":"https:\/\/rnoticias.com.mx\/Portal\/wp-json\/wp\/v2\/media\/246344"}],"wp:attachment":[{"href":"https:\/\/rnoticias.com.mx\/Portal\/wp-json\/wp\/v2\/media?parent=246343"}],"wp:term":[{"taxonomy":"category","embeddable":true,"href":"https:\/\/rnoticias.com.mx\/Portal\/wp-json\/wp\/v2\/categories?post=246343"},{"taxonomy":"post_tag","embeddable":true,"href":"https:\/\/rnoticias.com.mx\/Portal\/wp-json\/wp\/v2\/tags?post=246343"}],"curies":[{"name":"wp","href":"https:\/\/api.w.org\/{rel}","templated":true}]}}